{"id":84454,"date":"2022-01-16T11:35:04","date_gmt":"2022-01-16T10:35:04","guid":{"rendered":"https:\/\/www.fisifvg.org\/?p=84454"},"modified":"2022-01-16T11:35:04","modified_gmt":"2022-01-16T10:35:04","slug":"davide-graz-batte-tutti-nella-mass-start-di-coppa-italia-di-fondo","status":"publish","type":"post","link":"https:\/\/comitati.fisi.org\/friuli-venezia-giulia\/blog\/2022\/01\/16\/davide-graz-batte-tutti-nella-mass-start-di-coppa-italia-di-fondo\/","title":{"rendered":"Davide Graz batte tutti nella mass start di Coppa Italia di fondo"},"content":{"rendered":"<p>Una vittoria pesante quella ottenuta da Davide Graz nella 15 km tl con partenza in linea di Padola di Comelico, valida per la Coppa Italia Gamma riservata ai Senior.<\/p>\n<p>Il sappadino si \u00e8 imposto in uno sprint molto serrato precedendo Mikale Abram e Simone Dapr\u00e0. Nel gruppo che si \u00e8 giocato il podio anche Luca Del Fabbro, ottavo a 6&#8243;3 dall&#8217;ex compagno di Comitato FVG.<br \/>\nMartin Coradazzi \u00e8 giunto 12\u00b0 a 13&#8243;3, Giuseppe Montello 13\u00b0 a 17&#8243;.<\/p>\n<p>Nella 10 km femminile successo di Elisa Brocard e l&#8217;ottavo posto di Rebecca Bergagnin della Monte Coglians.<\/p>\n<p><a href=\"http:\/\/comitati.fisi.org\/friuli-venezia-giulia\/wp-content\/uploads\/sites\/34\/2022\/01\/CLASSIFICA-UFFICIOSA-GSM.pdf\">CLASSIFICA 15 KM MASCHILE<\/a><br \/>\n<a href=\"http:\/\/comitati.fisi.org\/friuli-venezia-giulia\/wp-content\/uploads\/sites\/34\/2022\/01\/CLASSIFICA-UFFICIOSA-GSF.pdf\">CLASSIFICA 10 KM FEMMINILE<\/a><\/p>\n<p><em><strong>(nella foto di Luciano Gaudenzio, l&#8217;arrivo vincente di Graz)<\/strong><\/em><\/p>\n<p>&nbsp;<\/p>\n","protected":false},"excerpt":{"rendered":"<p>Il sappadino si impone nella 15 km tl di Padola<\/p>\n","protected":false},"author":4,"featured_media":84520,"comment_status":"closed","ping_status":"closed","sticky":false,"template":"","format":"standard","meta":{"_acf_changed":false,"footnotes":""},"categories":[11],"tags":[],"acf":[],"_links":{"self":[{"href":"https:\/\/comitati.fisi.org\/friuli-venezia-giulia\/wp-json\/wp\/v2\/posts\/84454"}],"collection":[{"href":"https:\/\/comitati.fisi.org\/friuli-venezia-giulia\/wp-json\/wp\/v2\/posts"}],"about":[{"href":"https:\/\/comitati.fisi.org\/friuli-venezia-giulia\/wp-json\/wp\/v2\/types\/post"}],"author":[{"embeddable":true,"href":"https:\/\/comitati.fisi.org\/friuli-venezia-giulia\/wp-json\/wp\/v2\/users\/4"}],"replies":[{"embeddable":true,"href":"https:\/\/comitati.fisi.org\/friuli-venezia-giulia\/wp-json\/wp\/v2\/comments?post=84454"}],"version-history":[{"count":0,"href":"https:\/\/comitati.fisi.org\/friuli-venezia-giulia\/wp-json\/wp\/v2\/posts\/84454\/revisions"}],"wp:featuredmedia":[{"embeddable":true,"href":"https:\/\/comitati.fisi.org\/friuli-venezia-giulia\/wp-json\/wp\/v2\/media\/84520"}],"wp:attachment":[{"href":"https:\/\/comitati.fisi.org\/friuli-venezia-giulia\/wp-json\/wp\/v2\/media?parent=84454"}],"wp:term":[{"taxonomy":"category","embeddable":true,"href":"https:\/\/comitati.fisi.org\/friuli-venezia-giulia\/wp-json\/wp\/v2\/categories?post=84454"},{"taxonomy":"post_tag","embeddable":true,"href":"https:\/\/comitati.fisi.org\/friuli-venezia-giulia\/wp-json\/wp\/v2\/tags?post=84454"}],"curies":[{"name":"wp","href":"https:\/\/api.w.org\/{rel}","templated":true}]}}