{"id":84200,"date":"2022-01-14T15:46:58","date_gmt":"2022-01-14T14:46:58","guid":{"rendered":"https:\/\/www.fisifvg.org\/?p=84200"},"modified":"2022-01-14T15:46:58","modified_gmt":"2022-01-14T14:46:58","slug":"una-convincente-lisa-vittozzi-nella-staffetta-femminile-di-ruhpolding","status":"publish","type":"post","link":"https:\/\/comitati.fisi.org\/friuli-venezia-giulia\/blog\/2022\/01\/14\/una-convincente-lisa-vittozzi-nella-staffetta-femminile-di-ruhpolding\/","title":{"rendered":"Una convincente Lisa Vittozzi nella staffetta femminile di Ruhpolding"},"content":{"rendered":"<p>Sesto posto per la staffetta femminile italiana 4&#215;6 km nella prova di Coppa del Mondo di biathlon a Ruhpolding, in Germania.<\/p>\n<p>Lisa Vittozzi, schierata al lancio. \u00e8 stata autrice di una convincente frazione, con una sola ricarica a terra e un pieno veloce in piedi, riuscendo poi a tenere il passo della fortissima Roeiseland e dando il cambio a Dorothea Wierer assieme alla norvegese, con la Germania terza a 18&#8243;. Una prestazione davvero confortante quella della sappadina.<\/p>\n<p>Wierer, con 3 ricariche, ha lasciato strada a Samuela Comola in testa assieme alla bielorussa Alimbekava, con Francia e Svezia a meno di 4 secondi.<\/p>\n<p>La pi\u00f9 giovane delle azzurre ha fatto il suo dovere, lanciando Federica Sanfilippo al quarto posto, assieme alla Norvegia, con un distacco di 1&#8242; dalla leader Francia, di 47&#8243; dalla Svezia e di 24&#8243; Bielorussia.<\/p>\n<p>Al traguardo finale la Francia ha preceduto di 35&#8243; la Svezia, con la Russia terza a 1&#8217;12. L&#8217;Italia ha ottenuto il sesto posto a 1&#8217;28&#8221;, a soli 2 secondi dal quarto della Germania.<\/p>\n<p>Per Lisa Vittozzi la tappa tedesca si chiude qui, non essendosi qualificata per l&#8217;inseguimento di domenica. Per lei appuntamento la prossima settimana a Anterselva.<\/p>\n<p><a href=\"https:\/\/www.biathlonworld.com\/live?c=BT2122SWRLCP06&amp;u=BTHW4X6KM-------------FNL-000100--\">CLASSIFICA STAFFETTA 4X6 KM CDM<\/a><\/p>\n<p>Intanto nella 7.5 km sprint femminile di Ibu Cup di Osrblie (Slovacchia) Eleonora Fauner \u00e8 giunta 40a (2 errori) a 1&#8243;58 dalla francese Bened. Successivamente si sarebbe dovuta svolgere la 10 km sprint maschile, presenti Daniele Cappellari e Daniele Fauner, ma la gara non si \u00e8 disputata a causa del forte vento. E&#8217; stata cos\u00ec posticipata a sabato alle 10.30, mentre l&#8217;inseguimento \u00e8 stato cancellato, mentre si disputer\u00e0 regolarmente la 10 km femminile, previsto alle 13.45.<\/p>\n<p><a href=\"https:\/\/www.biathlonworld.com\/live?c=BT2122SIBUCP05&amp;u=BTHW7.5KMSP-----------FNL-000100--\">CLASSIFICA SPRINT IBU CUP<\/a><\/p>\n<p><em><strong>(nella foto Lisa Vittozzi)<\/strong><\/em><\/p>\n<p>&nbsp;<\/p>\n","protected":false},"excerpt":{"rendered":"<p>Italia sesta a nella 4&#215;6 km vinta dalla Francia<\/p>\n","protected":false},"author":4,"featured_media":82677,"comment_status":"closed","ping_status":"closed","sticky":false,"template":"","format":"standard","meta":{"_acf_changed":false,"footnotes":""},"categories":[13,10],"tags":[],"acf":[],"_links":{"self":[{"href":"https:\/\/comitati.fisi.org\/friuli-venezia-giulia\/wp-json\/wp\/v2\/posts\/84200"}],"collection":[{"href":"https:\/\/comitati.fisi.org\/friuli-venezia-giulia\/wp-json\/wp\/v2\/posts"}],"about":[{"href":"https:\/\/comitati.fisi.org\/friuli-venezia-giulia\/wp-json\/wp\/v2\/types\/post"}],"author":[{"embeddable":true,"href":"https:\/\/comitati.fisi.org\/friuli-venezia-giulia\/wp-json\/wp\/v2\/users\/4"}],"replies":[{"embeddable":true,"href":"https:\/\/comitati.fisi.org\/friuli-venezia-giulia\/wp-json\/wp\/v2\/comments?post=84200"}],"version-history":[{"count":0,"href":"https:\/\/comitati.fisi.org\/friuli-venezia-giulia\/wp-json\/wp\/v2\/posts\/84200\/revisions"}],"wp:featuredmedia":[{"embeddable":true,"href":"https:\/\/comitati.fisi.org\/friuli-venezia-giulia\/wp-json\/wp\/v2\/media\/82677"}],"wp:attachment":[{"href":"https:\/\/comitati.fisi.org\/friuli-venezia-giulia\/wp-json\/wp\/v2\/media?parent=84200"}],"wp:term":[{"taxonomy":"category","embeddable":true,"href":"https:\/\/comitati.fisi.org\/friuli-venezia-giulia\/wp-json\/wp\/v2\/categories?post=84200"},{"taxonomy":"post_tag","embeddable":true,"href":"https:\/\/comitati.fisi.org\/friuli-venezia-giulia\/wp-json\/wp\/v2\/tags?post=84200"}],"curies":[{"name":"wp","href":"https:\/\/api.w.org\/{rel}","templated":true}]}}