{"id":84076,"date":"2022-01-10T16:18:24","date_gmt":"2022-01-10T15:18:24","guid":{"rendered":"https:\/\/www.fisifvg.org\/?p=84076"},"modified":"2022-01-10T16:18:24","modified_gmt":"2022-01-10T15:18:24","slug":"al-via-a-tarvisio-la-tappa-di-coppa-europa-maschile","status":"publish","type":"post","link":"https:\/\/comitati.fisi.org\/friuli-venezia-giulia\/blog\/2022\/01\/10\/al-via-a-tarvisio-la-tappa-di-coppa-europa-maschile\/","title":{"rendered":"Al via sulla &#8220;Di Prampero&#8221; di Tarvisio la tappa di Coppa Europa maschile"},"content":{"rendered":"<p style=\"font-weight: 400\">L\u2019attesa sta per terminare. Da marted\u00ec 11 torna in Fvg la tappa di Coppa Europa maschile di sci alpino, curata dall\u2019US Camporosso assieme alle proprie numerose collaborazioni. La manifestazione con il pi\u00f9 alto tasso tecnico della regione quest\u2019anno si svolger\u00e0 a Camporosso-Tarvisio sulla Di Prampero, \u201cRegina\u201d delle piste del Fvg e gi\u00e0 teatro di gare di Coppa del Mondo.<\/p>\n<p style=\"font-weight: 400\">I volontari che, assieme al personale PromorutismoFVG ed ai tecnici internazionali stanno preparando la pista, hanno lavorato notte e giorno cercando quello che i primi commenti riportano essere una \u201ctracciatura molto filante dove gli atleti avranno modo di dimostrare tutte le loro virt\u00f9\u201d.<\/p>\n<div id=\"attachment_84080\" style=\"width: 510px\" class=\"wp-caption alignleft\"><a href=\"http:\/\/comitati.fisi.org\/friuli-venezia-giulia\/wp-content\/uploads\/sites\/34\/2022\/01\/Preparazione-pista-Coppa-Europa.jpeg\"><img loading=\"lazy\" decoding=\"async\" aria-describedby=\"caption-attachment-84080\" class=\"wp-image-84080\" src=\"http:\/\/comitati.fisi.org\/friuli-venezia-giulia\/wp-content\/uploads\/sites\/34\/2022\/01\/Preparazione-pista-Coppa-Europa-400x400.jpeg\" alt=\"\" width=\"500\" height=\"281\" \/><\/a><p id=\"caption-attachment-84080\" class=\"wp-caption-text\">Preparazione pista<\/p><\/div>\n<p style=\"font-weight: 400\">Novantanove gli sciatori, provenienti da 19 paesi. Marted\u00ec in mattinata svolger\u00e0 la prima prova cronometrata, cui seguir\u00e0 mercoled\u00ec 12 la seconda. Gioved\u00ec 13 gennaio e venerd\u00ec 14 gennaio i partecipanti si sfideranno in due gare di discesa. Anche in quest\u2019occasione si prospettano affascinanti sfide sui 3920m di pista che come gi\u00e0 successo nelle scorse stagioni sul Monte Canin, vedr\u00e0 battagliare giovani emergenti e atleti pi\u00f9 esperti, capaci gi\u00e0 di salire sul podio di Coppa del Mondo e essere protagonisti sui massimi palcoscenici internazionali, quali i Mondiali e le Olimpiadi.<\/p>\n<p style=\"font-weight: 400\">La manifestazione \u00e8 sostenuta dalla Regione FVG, PromoturismoFVG e dal Comune di Tarvisio.<\/p>\n<p style=\"font-weight: 400\">Sotto l&#8217;intervista al grande Peter Fill, al termine del lavoro di tracciatura avvicinato dal presidente dell\u2019US Camporosso Damiano Matiz.<\/p>\n<div class=\"x-video player\" data-x-element-mejs><div class=\"x-video-inner\"><video class=\"x-mejs x-wp-video-shortcode advanced-controls\" id=\"video-84076-1\" width=\"640\" height=\"352\" preload=\"metadata\" controls=\"controls\"><source type=\"video\/mp4\" src=\"http:\/\/comitati.fisi.org\/friuli-venezia-giulia\/wp-content\/uploads\/sites\/34\/2022\/01\/Intervista-Peter-Fill.mp4?_=1\" \/><\/video><\/div><\/div>\n","protected":false},"excerpt":{"rendered":"<p>Intervista al campionissimo azzurro Peter Fill<\/p>\n","protected":false},"author":4,"featured_media":84079,"comment_status":"closed","ping_status":"closed","sticky":false,"template":"","format":"standard","meta":{"_acf_changed":false,"footnotes":""},"categories":[10,15],"tags":[],"acf":[],"_links":{"self":[{"href":"https:\/\/comitati.fisi.org\/friuli-venezia-giulia\/wp-json\/wp\/v2\/posts\/84076"}],"collection":[{"href":"https:\/\/comitati.fisi.org\/friuli-venezia-giulia\/wp-json\/wp\/v2\/posts"}],"about":[{"href":"https:\/\/comitati.fisi.org\/friuli-venezia-giulia\/wp-json\/wp\/v2\/types\/post"}],"author":[{"embeddable":true,"href":"https:\/\/comitati.fisi.org\/friuli-venezia-giulia\/wp-json\/wp\/v2\/users\/4"}],"replies":[{"embeddable":true,"href":"https:\/\/comitati.fisi.org\/friuli-venezia-giulia\/wp-json\/wp\/v2\/comments?post=84076"}],"version-history":[{"count":0,"href":"https:\/\/comitati.fisi.org\/friuli-venezia-giulia\/wp-json\/wp\/v2\/posts\/84076\/revisions"}],"wp:featuredmedia":[{"embeddable":true,"href":"https:\/\/comitati.fisi.org\/friuli-venezia-giulia\/wp-json\/wp\/v2\/media\/84079"}],"wp:attachment":[{"href":"https:\/\/comitati.fisi.org\/friuli-venezia-giulia\/wp-json\/wp\/v2\/media?parent=84076"}],"wp:term":[{"taxonomy":"category","embeddable":true,"href":"https:\/\/comitati.fisi.org\/friuli-venezia-giulia\/wp-json\/wp\/v2\/categories?post=84076"},{"taxonomy":"post_tag","embeddable":true,"href":"https:\/\/comitati.fisi.org\/friuli-venezia-giulia\/wp-json\/wp\/v2\/tags?post=84076"}],"curies":[{"name":"wp","href":"https:\/\/api.w.org\/{rel}","templated":true}]}}