{"id":84069,"date":"2022-01-10T14:48:03","date_gmt":"2022-01-10T13:48:03","guid":{"rendered":"https:\/\/www.fisifvg.org\/?p=84069"},"modified":"2022-01-10T14:48:03","modified_gmt":"2022-01-10T13:48:03","slug":"da-roma-alla-finlandia-il-comitato-eyof-2023-al-lavoro","status":"publish","type":"post","link":"https:\/\/comitati.fisi.org\/friuli-venezia-giulia\/blog\/2022\/01\/10\/da-roma-alla-finlandia-il-comitato-eyof-2023-al-lavoro\/","title":{"rendered":"Da Roma alla Finlandia, il Comitato Eyof 2023 al lavoro"},"content":{"rendered":"<p align=\"JUSTIFY\">All\u2019Ara Pacis, monumento chiave dell\u2019arte augustea e simbolo per antonomasia di pace nell\u2019antica Roma, a chiusura del 2021, \u00e8 stata accesa la Fiamma, simbolo olimpico della Pace, in onore di EYOF 2022 che si svolger\u00e0 il prossimo marzo a Vuokatti, in Finlandia. Alla cerimonia, insieme al comitato organizzatore finlandese, al direttivo dell\u2019EOC, al CONI e ai rappresentanti del comune di Roma, era presente anche una delegazione del Festival Olimpico della Giovent\u00f9 Europea 2023 che si terr\u00e0 in Friuli Venezia Giulia nel mese di gennaio.<\/p>\n<p align=\"JUSTIFY\">Il presidente Maurizio Dunnhofer, il vicepresidente, Giorgio Brandolin e il Direttore Giorgio Kaidisch <em><strong>(nella foto di copertina<\/strong><\/em>), a nome di Eyof FVG 2023, hanno presenziato alla cerimonia in cui il presidente dell&#8217;EOC (organismo internazionale che riunisce i 50 comitati olimpici nazionali d&#8217;Europa) Spyros Capralos ha ricordato, nel suo discorso, il presidente onorario del CIO Jacques Rogge, recentemente scomparso. Rogge \u00e8 stato il padre del Festival Olimpico della Giovent\u00f9 Europea (EYOF), originariamente chiamato European Youth Olympic Days (EYOD), quando \u00e8 stato lanciato per la prima volta in Belgio, paese di origine di Rogge, nel 1991 per gli sport estivi e in Italia nel 1993 per quelli invernali. Il presidente dell&#8217;EOC Capralos ha dedicato EYOF 2022 Vuokatti alla memoria di Jacques Rogge.<\/p>\n<p align=\"JUSTIFY\">Oltre alla fiamma, i rappresentanti di Vuokatti 2022 hanno ricevuto la scultura dell&#8217;Ulivo d&#8217;Oro Dea Pax, un simbolo di pace e amicizia i cui rami rappresentano lo spiegamento dell&#8217;ombrello EOC per ricevere gli atleti di tutti i Comitati Olimpici Nazionali Europei (ENOC).<\/p>\n<div id=\"attachment_84072\" style=\"width: 510px\" class=\"wp-caption alignleft\"><a href=\"http:\/\/comitati.fisi.org\/friuli-venezia-giulia\/wp-content\/uploads\/sites\/34\/2022\/01\/Vuokatti_NOC-Delegates.jpg\"><img loading=\"lazy\" decoding=\"async\" aria-describedby=\"caption-attachment-84072\" class=\"wp-image-84072\" src=\"http:\/\/comitati.fisi.org\/friuli-venezia-giulia\/wp-content\/uploads\/sites\/34\/2022\/01\/Vuokatti_NOC-Delegates-400x400.jpg\" alt=\"\" width=\"500\" height=\"375\" \/><\/a><p id=\"caption-attachment-84072\" class=\"wp-caption-text\">Lo stadio del biathlon di Vuokatti 2022<\/p><\/div>\n<p align=\"JUSTIFY\">La delegazione del comitato organizzatore di Eyof 2023, dalla capitale italiana, ha raggiunto la Finlandia per partecipare allo Chef de Mission Seminar che si \u00e8 tenuto a Vuokatti, nella regione di Sotkamo, il 15 e 16 Dicembre scorsi.<\/p>\n<p align=\"JUSTIFY\">L\u2019evento ha fornito al Friuli Venezia Giulia anche l\u2019occasione di partecipare all\u2019Observer Program inteso a illustrare ai futuri organizzatori i punti chiave dello svolgersi dell\u2019evento con particolare attenzione al tema del ghiaccio in cui la Finlandia eccelle.<\/p>\n<p align=\"JUSTIFY\">L\u2019intenso programma consisteva in una giornata di ispezione delle sedi di gara, delle strutture ricettive e dell\u2019Ice Hockey Arena di Kajaani e una giornata di seminario nel quale i responsabili delle varie funzioni organizzative illustravano agli chef de Mission dei 47 paesi partecipanti a EYOF 2022 gli aspetti salienti della struttura organizzativa unitamente alle problematiche e alle difficolt\u00e0 riscontrate durante il processo organizzativo.<\/p>\n<p align=\"JUSTIFY\">Presenti come Observer, oltre ai rappresentanti del Friuli Venezia Giulia, anche quelli di Banska Bystrica in Slovacchia sede dell\u2019edizione estiva di EYOF 2022.<\/p>\n<p align=\"JUSTIFY\">\n","protected":false},"excerpt":{"rendered":"<p>All\u2019Ara Pacis \u00e8 stata accesa la Fiamma, simbolo olimpico della Pace, in onore di EYOF 2022 che si svolger\u00e0 il prossimo marzo a Vuokatti<\/p>\n","protected":false},"author":4,"featured_media":84073,"comment_status":"closed","ping_status":"closed","sticky":false,"template":"","format":"standard","meta":{"_acf_changed":false,"footnotes":""},"categories":[24,10],"tags":[],"acf":[],"_links":{"self":[{"href":"https:\/\/comitati.fisi.org\/friuli-venezia-giulia\/wp-json\/wp\/v2\/posts\/84069"}],"collection":[{"href":"https:\/\/comitati.fisi.org\/friuli-venezia-giulia\/wp-json\/wp\/v2\/posts"}],"about":[{"href":"https:\/\/comitati.fisi.org\/friuli-venezia-giulia\/wp-json\/wp\/v2\/types\/post"}],"author":[{"embeddable":true,"href":"https:\/\/comitati.fisi.org\/friuli-venezia-giulia\/wp-json\/wp\/v2\/users\/4"}],"replies":[{"embeddable":true,"href":"https:\/\/comitati.fisi.org\/friuli-venezia-giulia\/wp-json\/wp\/v2\/comments?post=84069"}],"version-history":[{"count":0,"href":"https:\/\/comitati.fisi.org\/friuli-venezia-giulia\/wp-json\/wp\/v2\/posts\/84069\/revisions"}],"wp:featuredmedia":[{"embeddable":true,"href":"https:\/\/comitati.fisi.org\/friuli-venezia-giulia\/wp-json\/wp\/v2\/media\/84073"}],"wp:attachment":[{"href":"https:\/\/comitati.fisi.org\/friuli-venezia-giulia\/wp-json\/wp\/v2\/media?parent=84069"}],"wp:term":[{"taxonomy":"category","embeddable":true,"href":"https:\/\/comitati.fisi.org\/friuli-venezia-giulia\/wp-json\/wp\/v2\/categories?post=84069"},{"taxonomy":"post_tag","embeddable":true,"href":"https:\/\/comitati.fisi.org\/friuli-venezia-giulia\/wp-json\/wp\/v2\/tags?post=84069"}],"curies":[{"name":"wp","href":"https:\/\/api.w.org\/{rel}","templated":true}]}}