{"id":83943,"date":"2022-01-09T13:17:44","date_gmt":"2022-01-09T12:17:44","guid":{"rendered":"https:\/\/www.fisifvg.org\/?p=83943"},"modified":"2022-01-09T13:17:44","modified_gmt":"2022-01-09T12:17:44","slug":"e-ancora-tripletta-fvg-ai-campionati-italiani-giovani-di-biathlon-di-forni-avoltri","status":"publish","type":"post","link":"https:\/\/comitati.fisi.org\/friuli-venezia-giulia\/blog\/2022\/01\/09\/e-ancora-tripletta-fvg-ai-campionati-italiani-giovani-di-biathlon-di-forni-avoltri\/","title":{"rendered":"\u00c8 ancora tripletta FVG ai Campionati Italiani Giovani di biathlon di Forni Avoltri!"},"content":{"rendered":"<p>Ancora festa per il biathlon FVG ai Campionati Italiani giovanili, organizzati alla Carnia Arena di Forni Avoltri da ASD Monte Coglians e Sci CAI Trieste.<\/p>\n<p>Oggi erano in programma le prove ad inseguimento, con Sara Scattolo che nella 7.5 km Giovani femminile ha confermato il titolo di ieri, mentre alle sue spalle, a poco pi\u00f9 di una decina di secondi, c&#8217;\u00e8 stato uno scambio di posizioni, con Astrid Pl\u00f6sch seconda e Ilaria Scattolo terza al termine di una volata. Un podio tutto FVG (<em><strong>nella foto di copertina)<\/strong> <\/em>a distanza di 24 ore!<\/p>\n<div id=\"attachment_84021\" style=\"width: 510px\" class=\"wp-caption alignright\"><a href=\"http:\/\/comitati.fisi.org\/friuli-venezia-giulia\/wp-content\/uploads\/sites\/34\/2022\/01\/eee2221.jpeg\"><img loading=\"lazy\" decoding=\"async\" aria-describedby=\"caption-attachment-84021\" class=\"wp-image-84021\" src=\"http:\/\/comitati.fisi.org\/friuli-venezia-giulia\/wp-content\/uploads\/sites\/34\/2022\/01\/eee2221-400x400.jpeg\" alt=\"\" width=\"500\" height=\"357\" \/><\/a><p id=\"caption-attachment-84021\" class=\"wp-caption-text\">Il podio Aspiranti femminile, con Maya Pividori terza<\/p><\/div>\n<p>Le tre ragazze del Cs Esercito, uscite dal nostro Comitato, hanno fatto il vuoto, ma va segnalata anche la bella rimonta di Giada Monegato della Monte Coglians, risalita dall&#8217;undicesimo al quinto posto.<\/p>\n<p>Conferma sul podio anche per Maya Pividori della Monte Coglians nella 6 km Aspiranti, chiusa come ieri al terzo posto, lontana meno di 10&#8243; dal secondo. Sesta Sophia Polo della Fornese.<\/p>\n<p>Nella 7.5 km Aspiranti maschile decimo Marco Da Pozzo, ancora della Fornese.<\/p>\n<p>Nella 10 km Giovani maschile Alex Perissutti chiude quinto, Cesare Lozza ottavo, Pietro Pallober undicesimo, Mattia Piller Hoffer quattordicesimo.<\/p>\n<p>Nella 12.5 km Junior maschile Fabio Cappellari si piazza quinto, mentre Nicola Romanin conquista la vittoria nella prova Senior valida per la Coppa Italia.<\/p>\n<p><a href=\"https:\/\/www.fisifvg.org\/wp-content\/uploads\/2018\/11\/CLASSIFICHE-UFFICIALI-INSEGUIMENTO-Rettif.pdf\">CLASSIFICHE<\/a><\/p>\n<p style=\"text-align: center\"><strong>FOTOGALLERY PODI<\/strong><\/p>\n<div id='gallery-1' class='gallery galleryid-83943 gallery-columns-1 gallery-size-medium'><dl class='gallery-item'>\n\t\t\t<dt class='gallery-icon landscape'>\n\t\t\t\t<a href='https:\/\/comitati.fisi.org\/friuli-venezia-giulia\/blog\/2022\/01\/09\/e-ancora-tripletta-fvg-ai-campionati-italiani-giovani-di-biathlon-di-forni-avoltri\/whatsapp-image-2022-01-09-at-12-51-12\/'><img loading=\"lazy\" decoding=\"async\" width=\"300\" height=\"225\" src=\"https:\/\/comitati.fisi.org\/friuli-venezia-giulia\/wp-content\/uploads\/sites\/34\/2022\/01\/WhatsApp-Image-2022-01-09-at-12.51.12-300x225.jpeg\" class=\"attachment-medium size-medium\" alt=\"\" srcset=\"https:\/\/comitati.fisi.org\/friuli-venezia-giulia\/wp-content\/uploads\/sites\/34\/2022\/01\/WhatsApp-Image-2022-01-09-at-12.51.12-300x225.jpeg 300w, https:\/\/comitati.fisi.org\/friuli-venezia-giulia\/wp-content\/uploads\/sites\/34\/2022\/01\/WhatsApp-Image-2022-01-09-at-12.51.12-768x576.jpeg 768w, https:\/\/comitati.fisi.org\/friuli-venezia-giulia\/wp-content\/uploads\/sites\/34\/2022\/01\/WhatsApp-Image-2022-01-09-at-12.51.12.jpeg 1024w\" sizes=\"(max-width: 300px) 100vw, 300px\" \/><\/a>\n\t\t\t<\/dt><\/dl><dl class='gallery-item'>\n\t\t\t<dt class='gallery-icon landscape'>\n\t\t\t\t<a href='https:\/\/comitati.fisi.org\/friuli-venezia-giulia\/blog\/2022\/01\/09\/e-ancora-tripletta-fvg-ai-campionati-italiani-giovani-di-biathlon-di-forni-avoltri\/whatsapp-image-2022-01-09-at-12-51-12-1\/'><img loading=\"lazy\" decoding=\"async\" width=\"300\" height=\"225\" src=\"https:\/\/comitati.fisi.org\/friuli-venezia-giulia\/wp-content\/uploads\/sites\/34\/2022\/01\/WhatsApp-Image-2022-01-09-at-12.51.12-1-300x225.jpeg\" class=\"attachment-medium size-medium\" alt=\"\" srcset=\"https:\/\/comitati.fisi.org\/friuli-venezia-giulia\/wp-content\/uploads\/sites\/34\/2022\/01\/WhatsApp-Image-2022-01-09-at-12.51.12-1-300x225.jpeg 300w, https:\/\/comitati.fisi.org\/friuli-venezia-giulia\/wp-content\/uploads\/sites\/34\/2022\/01\/WhatsApp-Image-2022-01-09-at-12.51.12-1-768x576.jpeg 768w, https:\/\/comitati.fisi.org\/friuli-venezia-giulia\/wp-content\/uploads\/sites\/34\/2022\/01\/WhatsApp-Image-2022-01-09-at-12.51.12-1.jpeg 1024w\" sizes=\"(max-width: 300px) 100vw, 300px\" \/><\/a>\n\t\t\t<\/dt><\/dl><dl class='gallery-item'>\n\t\t\t<dt class='gallery-icon landscape'>\n\t\t\t\t<a href='https:\/\/comitati.fisi.org\/friuli-venezia-giulia\/blog\/2022\/01\/09\/e-ancora-tripletta-fvg-ai-campionati-italiani-giovani-di-biathlon-di-forni-avoltri\/whatsapp-image-2022-01-09-at-12-51-12-2\/'><img loading=\"lazy\" decoding=\"async\" width=\"300\" height=\"225\" src=\"https:\/\/comitati.fisi.org\/friuli-venezia-giulia\/wp-content\/uploads\/sites\/34\/2022\/01\/WhatsApp-Image-2022-01-09-at-12.51.12-2-300x225.jpeg\" class=\"attachment-medium size-medium\" alt=\"\" srcset=\"https:\/\/comitati.fisi.org\/friuli-venezia-giulia\/wp-content\/uploads\/sites\/34\/2022\/01\/WhatsApp-Image-2022-01-09-at-12.51.12-2-300x225.jpeg 300w, https:\/\/comitati.fisi.org\/friuli-venezia-giulia\/wp-content\/uploads\/sites\/34\/2022\/01\/WhatsApp-Image-2022-01-09-at-12.51.12-2-768x576.jpeg 768w, https:\/\/comitati.fisi.org\/friuli-venezia-giulia\/wp-content\/uploads\/sites\/34\/2022\/01\/WhatsApp-Image-2022-01-09-at-12.51.12-2.jpeg 1024w\" sizes=\"(max-width: 300px) 100vw, 300px\" \/><\/a>\n\t\t\t<\/dt><\/dl><dl class='gallery-item'>\n\t\t\t<dt class='gallery-icon landscape'>\n\t\t\t\t<a href='https:\/\/comitati.fisi.org\/friuli-venezia-giulia\/blog\/2022\/01\/09\/e-ancora-tripletta-fvg-ai-campionati-italiani-giovani-di-biathlon-di-forni-avoltri\/whatsapp-image-2022-01-09-at-12-51-12-3\/'><img loading=\"lazy\" decoding=\"async\" width=\"300\" height=\"225\" src=\"https:\/\/comitati.fisi.org\/friuli-venezia-giulia\/wp-content\/uploads\/sites\/34\/2022\/01\/WhatsApp-Image-2022-01-09-at-12.51.12-3-300x225.jpeg\" class=\"attachment-medium size-medium\" alt=\"\" srcset=\"https:\/\/comitati.fisi.org\/friuli-venezia-giulia\/wp-content\/uploads\/sites\/34\/2022\/01\/WhatsApp-Image-2022-01-09-at-12.51.12-3-300x225.jpeg 300w, https:\/\/comitati.fisi.org\/friuli-venezia-giulia\/wp-content\/uploads\/sites\/34\/2022\/01\/WhatsApp-Image-2022-01-09-at-12.51.12-3-768x576.jpeg 768w, https:\/\/comitati.fisi.org\/friuli-venezia-giulia\/wp-content\/uploads\/sites\/34\/2022\/01\/WhatsApp-Image-2022-01-09-at-12.51.12-3.jpeg 1024w\" sizes=\"(max-width: 300px) 100vw, 300px\" \/><\/a>\n\t\t\t<\/dt><\/dl><dl class='gallery-item'>\n\t\t\t<dt class='gallery-icon landscape'>\n\t\t\t\t<a href='https:\/\/comitati.fisi.org\/friuli-venezia-giulia\/blog\/2022\/01\/09\/e-ancora-tripletta-fvg-ai-campionati-italiani-giovani-di-biathlon-di-forni-avoltri\/whatsapp-image-2022-01-09-at-12-51-28\/'><img loading=\"lazy\" decoding=\"async\" width=\"300\" height=\"225\" src=\"https:\/\/comitati.fisi.org\/friuli-venezia-giulia\/wp-content\/uploads\/sites\/34\/2022\/01\/WhatsApp-Image-2022-01-09-at-12.51.28-300x225.jpeg\" class=\"attachment-medium size-medium\" alt=\"\" srcset=\"https:\/\/comitati.fisi.org\/friuli-venezia-giulia\/wp-content\/uploads\/sites\/34\/2022\/01\/WhatsApp-Image-2022-01-09-at-12.51.28-300x225.jpeg 300w, https:\/\/comitati.fisi.org\/friuli-venezia-giulia\/wp-content\/uploads\/sites\/34\/2022\/01\/WhatsApp-Image-2022-01-09-at-12.51.28-1024x768.jpeg 1024w, https:\/\/comitati.fisi.org\/friuli-venezia-giulia\/wp-content\/uploads\/sites\/34\/2022\/01\/WhatsApp-Image-2022-01-09-at-12.51.28-768x576.jpeg 768w, https:\/\/comitati.fisi.org\/friuli-venezia-giulia\/wp-content\/uploads\/sites\/34\/2022\/01\/WhatsApp-Image-2022-01-09-at-12.51.28-1536x1152.jpeg 1536w, https:\/\/comitati.fisi.org\/friuli-venezia-giulia\/wp-content\/uploads\/sites\/34\/2022\/01\/WhatsApp-Image-2022-01-09-at-12.51.28.jpeg 1600w\" sizes=\"(max-width: 300px) 100vw, 300px\" \/><\/a>\n\t\t\t<\/dt><\/dl><dl class='gallery-item'>\n\t\t\t<dt class='gallery-icon landscape'>\n\t\t\t\t<a href='https:\/\/comitati.fisi.org\/friuli-venezia-giulia\/blog\/2022\/01\/09\/e-ancora-tripletta-fvg-ai-campionati-italiani-giovani-di-biathlon-di-forni-avoltri\/aspiranti-maschile-14\/'><img loading=\"lazy\" decoding=\"async\" width=\"300\" height=\"225\" src=\"https:\/\/comitati.fisi.org\/friuli-venezia-giulia\/wp-content\/uploads\/sites\/34\/2022\/01\/ASPIRANTI-MASCHILE-3-300x225.jpeg\" class=\"attachment-medium size-medium\" alt=\"\" srcset=\"https:\/\/comitati.fisi.org\/friuli-venezia-giulia\/wp-content\/uploads\/sites\/34\/2022\/01\/ASPIRANTI-MASCHILE-3-300x225.jpeg 300w, https:\/\/comitati.fisi.org\/friuli-venezia-giulia\/wp-content\/uploads\/sites\/34\/2022\/01\/ASPIRANTI-MASCHILE-3-1024x768.jpeg 1024w, https:\/\/comitati.fisi.org\/friuli-venezia-giulia\/wp-content\/uploads\/sites\/34\/2022\/01\/ASPIRANTI-MASCHILE-3-768x576.jpeg 768w, https:\/\/comitati.fisi.org\/friuli-venezia-giulia\/wp-content\/uploads\/sites\/34\/2022\/01\/ASPIRANTI-MASCHILE-3-1536x1152.jpeg 1536w, https:\/\/comitati.fisi.org\/friuli-venezia-giulia\/wp-content\/uploads\/sites\/34\/2022\/01\/ASPIRANTI-MASCHILE-3.jpeg 2000w\" sizes=\"(max-width: 300px) 100vw, 300px\" \/><\/a>\n\t\t\t<\/dt><\/dl><dl class='gallery-item'>\n\t\t\t<dt class='gallery-icon landscape'>\n\t\t\t\t<a href='https:\/\/comitati.fisi.org\/friuli-venezia-giulia\/blog\/2022\/01\/09\/e-ancora-tripletta-fvg-ai-campionati-italiani-giovani-di-biathlon-di-forni-avoltri\/aspiranti-femminile-9\/'><img loading=\"lazy\" decoding=\"async\" width=\"300\" height=\"225\" src=\"https:\/\/comitati.fisi.org\/friuli-venezia-giulia\/wp-content\/uploads\/sites\/34\/2022\/01\/ASPIRANTI-FEMMINILE-2-300x225.jpeg\" class=\"attachment-medium size-medium\" alt=\"\" srcset=\"https:\/\/comitati.fisi.org\/friuli-venezia-giulia\/wp-content\/uploads\/sites\/34\/2022\/01\/ASPIRANTI-FEMMINILE-2-300x225.jpeg 300w, https:\/\/comitati.fisi.org\/friuli-venezia-giulia\/wp-content\/uploads\/sites\/34\/2022\/01\/ASPIRANTI-FEMMINILE-2-768x576.jpeg 768w, https:\/\/comitati.fisi.org\/friuli-venezia-giulia\/wp-content\/uploads\/sites\/34\/2022\/01\/ASPIRANTI-FEMMINILE-2.jpeg 1024w\" sizes=\"(max-width: 300px) 100vw, 300px\" \/><\/a>\n\t\t\t<\/dt><\/dl>\n\t\t<\/div>\n\n<p>&nbsp;<\/p>\n<p><span style=\"color: #ff0000\"><strong>MEDAGLIE CAMPIONATI ITALIANI ASSOLUTI E GIOVANILI 2021-2022 ATLETI FVG E SCI CLUB FISI FVG<\/strong><\/span><\/p>\n<p><span style=\"color: #ff9900\"><strong>ORO<br \/>\n<\/strong><\/span><strong>-LISA VITTOZZI\u00a0 Biathlon estivo\u00a0 Individuale\u00a0 Assoluti<br \/>\n<\/strong>-DESIREE RIBBI\u00a0 Biathlon estivo\u00a0 Individuale\u00a0 U17<br \/>\n-DESIREE RIBBI\u00a0 Biathlon estivo\u00a0 Sprint\u00a0 U17<br \/>\n-ILARIA SCATTOLO\u00a0 Biathlon estivo\u00a0 Individuale\u00a0 U19<br \/>\n-ILARIA SCATTOLO\u00a0 Biathlon estivo\u00a0 Sprint\u00a0 U19<br \/>\n-SARA SCATTOLO\u00a0 Biathlon\u00a0 Sprint\u00a0 U19<br \/>\n-SARA SCATTOLO\u00a0 Biathlon\u00a0 Inseguimento\u00a0 U19<strong><br \/>\n-MATTIA VARIOLA\u00a0 Bob a 2\u00a0 Estivi spinta\u00a0 Assoluti<br \/>\n-MATTIA VARIOLA\u00a0 Bob a 4\u00a0 Estivi spinta\u00a0 Assoluti<br \/>\n<\/strong><strong>-FRANCESCO CECON\u00a0 Salto\u00a0 Assoluti<br \/>\n<\/strong><strong>-MARA MARTINI\u00a0 Sci Alpinismo\u00a0 Sprint\u00a0 Assoluti<br \/>\n-MICHAEL GALASSI\u00a0 Skiroll\u00a0 Salita TC\u00a0 Assoluti<br \/>\n<\/strong>-MARTINA DI CENTA\u00a0 Skiroll\u00a0 Sprint\u00a0 U23<br \/>\n-MARTINA DI CENTA\u00a0 Skiroll\u00a0 10 km\u00a0 U23<br \/>\n-DAVIDE GRAZ\u00a0 Skiroll\u00a0 Sprint\u00a0 U23<br \/>\n-LUCA SCLISIZZO\u00a0 Skiroll\u00a0 15 km\u00a0 U23<strong><br \/>\n<\/strong>-MARCO GAUDENZIO\u00a0 Skiroll\u00a0 Salita TC\u00a0 \u00a0U18<\/p>\n<p><span style=\"color: #808080\"><strong>ARGENTO<\/strong><\/span><br \/>\n-MAYA PIVIDORI \u00a0Biathlon estivo\u00a0 Sprint\u00a0 U17<br \/>\n-ASTRID PL\u00d6SCH\u00a0 Biathlon\u00a0 Inseguimento\u00a0 U19<br \/>\n-ILARIA SCATTOLO\u00a0 Biathlon Sprint\u00a0 U19<br \/>\n<strong>-RAFFAELE BUZZI\u00a0 Combinata\u00a0 Assoluti<\/strong><br \/>\n-MARA GISMONDI\u00a0 Skiroll\u00a0 Sprint\u00a0 U18<br \/>\n-DAVIDE GRAZ\u00a0 Skiroll\u00a0 15 km\u00a0 U23<\/p>\n<p><strong><span style=\"color: #993366\">BRONZO<\/span><\/strong><br \/>\n<strong>-NICOLA ROMANIN\u00a0 Biathlon estivo\u00a0 Individuale\u00a0 Assoluti<br \/>\n-ELEONORA FAUNER\u00a0 Biathlon estivo\u00a0 Sprint\u00a0 Assoluti<\/strong><br \/>\n-PIETRO PALLOBER\u00a0 Biathlon estivo\u00a0 Individuale\u00a0 U19<br \/>\n-MAYA PIVIDORI\u00a0 Biathlon\u00a0 Sprint\u00a0 U17<br \/>\n-MAYA PIVIDORI\u00a0 Biathlon\u00a0 inseguimento\u00a0 U17<br \/>\n-ASTRID PL\u00d6SCH\u00a0 Biathlon\u00a0 Sprint\u00a0 U19<br \/>\n-ILARIA SCATTOLO\u00a0 Biathlon Inseguimento\u00a0 U19<br \/>\n<strong>-ALESSANDRO PITTIN\u00a0 Combinata\u00a0 Assoluti<br \/>\n<\/strong>-GRETA PINZANI\u00a0 Combinata\u00a0 Juniores<strong><br \/>\n-TANIA VICENZINO\u00a0 Monobob\u00a0 Estivi Spinta\u00a0 Assoluti<\/strong><br \/>\n<strong>-COSTANTINO UGHI\u00a0 Bob a 4\u00a0 Estivi Spinta\u00a0 Assoluti<br \/>\n<\/strong>-CAMILLA COMAZZI\u00a0 Salto\u00a0 Juniores<strong><br \/>\n-CRISTINA PITTIN\u00a0 Skiroll\u00a0 10 km\u00a0 \u00a0Assoluti<br \/>\n-GIUSEPPE MONTELLO\u00a0 Skiroll\u00a0 Bronzo\u00a0 15 km\u00a0 Assoluti<br \/>\n<\/strong>-LUCA DEL FABBRO\u00a0 Skiroll\u00a0 Bronzo\u00a0 15 km\u00a0 U23<\/p>\n<p>&nbsp;<\/p>\n","protected":false},"excerpt":{"rendered":"<p>Sara Scattolo nella 7.5 km ha confermato il titolo di ieri, con Astrid Pl\u00f6sch seconda e Ilaria Scattolo terza. Bronzo Aspiranti per Maya Pividori<\/p>\n","protected":false},"author":4,"featured_media":83970,"comment_status":"closed","ping_status":"closed","sticky":false,"template":"","format":"standard","meta":{"_acf_changed":false,"footnotes":""},"categories":[13,10],"tags":[],"acf":[],"_links":{"self":[{"href":"https:\/\/comitati.fisi.org\/friuli-venezia-giulia\/wp-json\/wp\/v2\/posts\/83943"}],"collection":[{"href":"https:\/\/comitati.fisi.org\/friuli-venezia-giulia\/wp-json\/wp\/v2\/posts"}],"about":[{"href":"https:\/\/comitati.fisi.org\/friuli-venezia-giulia\/wp-json\/wp\/v2\/types\/post"}],"author":[{"embeddable":true,"href":"https:\/\/comitati.fisi.org\/friuli-venezia-giulia\/wp-json\/wp\/v2\/users\/4"}],"replies":[{"embeddable":true,"href":"https:\/\/comitati.fisi.org\/friuli-venezia-giulia\/wp-json\/wp\/v2\/comments?post=83943"}],"version-history":[{"count":0,"href":"https:\/\/comitati.fisi.org\/friuli-venezia-giulia\/wp-json\/wp\/v2\/posts\/83943\/revisions"}],"wp:featuredmedia":[{"embeddable":true,"href":"https:\/\/comitati.fisi.org\/friuli-venezia-giulia\/wp-json\/wp\/v2\/media\/83970"}],"wp:attachment":[{"href":"https:\/\/comitati.fisi.org\/friuli-venezia-giulia\/wp-json\/wp\/v2\/media?parent=83943"}],"wp:term":[{"taxonomy":"category","embeddable":true,"href":"https:\/\/comitati.fisi.org\/friuli-venezia-giulia\/wp-json\/wp\/v2\/categories?post=83943"},{"taxonomy":"post_tag","embeddable":true,"href":"https:\/\/comitati.fisi.org\/friuli-venezia-giulia\/wp-json\/wp\/v2\/tags?post=83943"}],"curies":[{"name":"wp","href":"https:\/\/api.w.org\/{rel}","templated":true}]}}