{"id":83764,"date":"2022-01-07T11:33:48","date_gmt":"2022-01-07T10:33:48","guid":{"rendered":"https:\/\/www.fisifvg.org\/?p=83764"},"modified":"2022-01-07T11:33:48","modified_gmt":"2022-01-07T10:33:48","slug":"litalia-di-buzzi-e-pittin-sesta-dopo-il-salto-della-coppa-del-mondo-di-combinata","status":"publish","type":"post","link":"https:\/\/comitati.fisi.org\/friuli-venezia-giulia\/blog\/2022\/01\/07\/litalia-di-buzzi-e-pittin-sesta-dopo-il-salto-della-coppa-del-mondo-di-combinata\/","title":{"rendered":"L&#8217;Italia di Buzzi e Pittin quinta nella prova a squadre mista di Coppa del Mondo"},"content":{"rendered":"<p>Quinto posto per l&#8217;Italia in Val di Fiemme nella prima volta in Coppa del Mondo di combinata nordica della prova a squadre mista.<\/p>\n<p>I due maschi erano i friulani Raffaele Buzzi e Alessandro Pittin, mentre le ragazze erano Veronica Gianmoena e Annika Sieff. Sul trampolino HS106 di Predazzo, Buzzi nella sua rotazione aveva ottenuto la quinta misura, Pittin l&#8217;ottava (e ultima). Secondo posto per Sieff, quarto per Gianmoena. Complessivamente l&#8217;Italia dopo il salto era sesta<\/p>\n<p>Al termine della prova di fondo a Lago di Tesero, con gli uomini impegnati sui 5 km e le donne sui 2.5, il successo \u00e8 andato alla favorita Norvegia con 10&#8243;5 sull&#8217;Austria e 23&#8243;9 sulla Germania. L&#8217;Italia, con Buzzi in prima frazione e Pittin in ultima ha chiuso quinta a 2&#8242;.<\/p>\n<p>Le parole di <strong>Raffaele Buzzi<\/strong>: <em>&#8220;Avevamo aspettative molto alte per la gara di oggi. Credevamo di poter fare un bel risultato, poi per\u00f2 questa mattina il salto non \u00e8 andato benissimo e nel fondo personalmente non sono al massimo della forma perch\u00e8 mi sto riprendendo dall\u2019influenza, e quindi prendiamo quello che c\u2019\u00e8. Per me \u00e8 la prima esperienza in staffetta mista, \u00e8 interessante e stimolante mescolare maschi e femmine, mescola un po\u2019 le carte in tavola. Ormai in campo prettamente maschile infatti si sa gi\u00e0 quali sono le squadre pi\u00f9 forti e chi pu\u00f2 giocarsi il podio; con le ragazze c\u2019\u00e8 un po\u2019 di pi\u00f9 di effetto sorpresa. E\u2019 sempre bello lavorare insieme per un obiettivo comune. Nei prossimi giorni voglio cercare di entrare sempre nei trenta sul trampolino e poi difendermi nel fondo. In realt\u00e0 mi sento in recupero e oggi sicuramente la gara mi ha fatto bene, quindi posso di certo migliorare&#8221;.<\/em><\/p>\n<p>Le parole di<strong> Alessandro Pittin:<\/strong> <em>&#8220;Penso che la mia condizione fisica sia migliorata rispetto ad inizio stagione. Durante il primo giro sono rimasto dietro all\u2019atleta sloveno, che andava abbastanza piano, quindi sono andato molto tranquillo. Poi ho provato ad accelerare, ma mi sono stancato abbastanza in fretta. Nel secondo giro ho fatto fatica quindi non posso ancora dire che la mia forma fisica sia al massimo. Pensando alle Olimpiadi, non mi sembra che il mio salto sia cos\u00ec brutto, ci sono degli errori tecnici da correggere, ma non sono cos\u00ec gravi quindi si possono migliorare velocemente. In questo momento le mie sensazioni sono molto sbagliate rispetto a quella che \u00e8 poi la realt\u00e0, per questo mi risulta difficile fare di pi\u00f9. Il format della gara mi \u00e8 piaciuto molto perch\u00e9 con due uomini e due donne le carte si mischiano molto. Le nazioni pi\u00f9 forti rimangono comunque le stesse per\u00f2 abbiamo visto che siamo riusciti a stare pi\u00f9 vicini, anche se Norvegia e Germania a livello maschile non hanno schierato i loro migliori atleti, questo un po\u2019 di differenza l\u2019ha fatta di sicuro. Nel complesso per\u00f2 penso sia un bel format&#8221;.<\/em><\/p>\n<p><em><strong>(nella foto Newspower, Raffaele Buzzi)<\/strong><\/em><\/p>\n<p>&nbsp;<\/p>\n<p>&nbsp;<\/p>\n","protected":false},"excerpt":{"rendered":"<p>Il successo \u00e8 andato alla favorita Norvegia con 10&#8243;5 sull&#8217;Austria e 23&#8243;9 sulla Germania<\/p>\n","protected":false},"author":4,"featured_media":83778,"comment_status":"closed","ping_status":"closed","sticky":false,"template":"","format":"standard","meta":{"_acf_changed":false,"footnotes":""},"categories":[14,10],"tags":[],"acf":[],"_links":{"self":[{"href":"https:\/\/comitati.fisi.org\/friuli-venezia-giulia\/wp-json\/wp\/v2\/posts\/83764"}],"collection":[{"href":"https:\/\/comitati.fisi.org\/friuli-venezia-giulia\/wp-json\/wp\/v2\/posts"}],"about":[{"href":"https:\/\/comitati.fisi.org\/friuli-venezia-giulia\/wp-json\/wp\/v2\/types\/post"}],"author":[{"embeddable":true,"href":"https:\/\/comitati.fisi.org\/friuli-venezia-giulia\/wp-json\/wp\/v2\/users\/4"}],"replies":[{"embeddable":true,"href":"https:\/\/comitati.fisi.org\/friuli-venezia-giulia\/wp-json\/wp\/v2\/comments?post=83764"}],"version-history":[{"count":0,"href":"https:\/\/comitati.fisi.org\/friuli-venezia-giulia\/wp-json\/wp\/v2\/posts\/83764\/revisions"}],"wp:featuredmedia":[{"embeddable":true,"href":"https:\/\/comitati.fisi.org\/friuli-venezia-giulia\/wp-json\/wp\/v2\/media\/83778"}],"wp:attachment":[{"href":"https:\/\/comitati.fisi.org\/friuli-venezia-giulia\/wp-json\/wp\/v2\/media?parent=83764"}],"wp:term":[{"taxonomy":"category","embeddable":true,"href":"https:\/\/comitati.fisi.org\/friuli-venezia-giulia\/wp-json\/wp\/v2\/categories?post=83764"},{"taxonomy":"post_tag","embeddable":true,"href":"https:\/\/comitati.fisi.org\/friuli-venezia-giulia\/wp-json\/wp\/v2\/tags?post=83764"}],"curies":[{"name":"wp","href":"https:\/\/api.w.org\/{rel}","templated":true}]}}