{"id":83646,"date":"2022-01-04T12:14:51","date_gmt":"2022-01-04T11:14:51","guid":{"rendered":"https:\/\/www.fisifvg.org\/?p=83646"},"modified":"2022-01-04T12:14:51","modified_gmt":"2022-01-04T11:14:51","slug":"obiettivo-cermis-raggiunto-per-cristina-pittin-al-suo-primo-tour-de-ski","status":"publish","type":"post","link":"https:\/\/comitati.fisi.org\/friuli-venezia-giulia\/blog\/2022\/01\/04\/obiettivo-cermis-raggiunto-per-cristina-pittin-al-suo-primo-tour-de-ski\/","title":{"rendered":"Obiettivo Cermis raggiunto per Cristina Pittin al suo primo Tour de Ski"},"content":{"rendered":"<p>Cristina Pittin voleva a tutti i costi tagliare il traguardo del Cermis e ha raggiunto l&#8217;obiettivo.<\/p>\n<p>La 23enne del Cs Esercito ha concluso infatti il suo primo Tour de Ski, che come sempre propone come atto finale l&#8217;ascesa al Cermis, in questa occasione al termine di 10 km a tecnica libera con partenza in linea.<\/p>\n<p>Cristina si \u00e8 piazzata 38a a 4&#8217;04&#8221; dalla norvegese Weng, vincitrice con 7&#8243; sulla svedese Andersson e 28&#8243;5 sulla francese Claudel. Prima azzurra Caterina Ganz, 22a a 2&#8217;25&#8221;.<\/p>\n<p>Nella classifica finale la carnica di Comeglians \u00e8 39a. Vittoria della russa Nepryaeva con 46&#8243;7 su Andersson e 1&#8217;07&#8243;7 su Weng; ventesima Ganz.<\/p>\n<p lang=\"it-IT\"><strong>CRISTINA PITTIN<\/strong>: &#8220;<em>Mi immaginavo che questa prima esperienza sulla Final Climb sarebbe stata dura e cos\u00ec \u00e8 stato. Ad essere sincera ho fatto quasi pi\u00f9 fatica a Lago di Tesero, a fare il giro in pista, poi le altre mi hanno staccata e ho faticato a recuperare, ma per fortuna nel piano le atlete che avevo davanti hanno leggermente rallentato e sono riuscita a raggiungerle. Ho deciso di affrontare la salita con calma, con il mio passo. Mi avevano consigliato di fare cos\u00ec: aspettare che le altre calassero di intensit\u00e0 ed eventualmente, energie permettendo, aumentare la spinta poco prima del traguardo per riuscire a guadagnare qualcosa. Sono contenta di aver fatto questa esperienza, anche se non \u00e8 andata benissimo. Questo Tour de Ski per me \u00e8 stato importante, qui sono tutte forti, c\u2019\u00e8 molto da imparare, guardando cosa fanno le altre prima della gara, quanto prima si scaldano, quando si cambiano. Ho preso un po\u2019 di batoste, questo \u00e8 vero, ma spero di migliorare e di fare meglio nelle prossime stagioni, se mi ricapiter\u00e0 di gareggiare. Adesso parler\u00f2 con il mio allenatore e decider\u00f2 cosa fare in futuro, anche in vista delle convocazioni olimpiche&#8221;.<\/em><\/p>\n<p>Ricordiamo che Martina Di Centa, ieri 32a nella 10 km tc mass start di Lago di Tesero, oggi non ha gareggiato.<\/p>\n<p><a href=\"http:\/\/live.fis-ski.com\/cc-2508\/results-pda.htm\">CLASSIFICA<\/a><\/p>\n<p><em><strong>(nella foto Newspower, Cristina Pittin in azione)<\/strong><\/em><\/p>\n<p>&nbsp;<\/p>\n","protected":false},"excerpt":{"rendered":"<p>La 23enne carnica ha tagliato il traguardo finale al termine dell&#8217;ascesa in Val di Fiemme<\/p>\n","protected":false},"author":4,"featured_media":83657,"comment_status":"closed","ping_status":"closed","sticky":false,"template":"","format":"standard","meta":{"_acf_changed":false,"footnotes":""},"categories":[11],"tags":[],"acf":[],"_links":{"self":[{"href":"https:\/\/comitati.fisi.org\/friuli-venezia-giulia\/wp-json\/wp\/v2\/posts\/83646"}],"collection":[{"href":"https:\/\/comitati.fisi.org\/friuli-venezia-giulia\/wp-json\/wp\/v2\/posts"}],"about":[{"href":"https:\/\/comitati.fisi.org\/friuli-venezia-giulia\/wp-json\/wp\/v2\/types\/post"}],"author":[{"embeddable":true,"href":"https:\/\/comitati.fisi.org\/friuli-venezia-giulia\/wp-json\/wp\/v2\/users\/4"}],"replies":[{"embeddable":true,"href":"https:\/\/comitati.fisi.org\/friuli-venezia-giulia\/wp-json\/wp\/v2\/comments?post=83646"}],"version-history":[{"count":0,"href":"https:\/\/comitati.fisi.org\/friuli-venezia-giulia\/wp-json\/wp\/v2\/posts\/83646\/revisions"}],"wp:featuredmedia":[{"embeddable":true,"href":"https:\/\/comitati.fisi.org\/friuli-venezia-giulia\/wp-json\/wp\/v2\/media\/83657"}],"wp:attachment":[{"href":"https:\/\/comitati.fisi.org\/friuli-venezia-giulia\/wp-json\/wp\/v2\/media?parent=83646"}],"wp:term":[{"taxonomy":"category","embeddable":true,"href":"https:\/\/comitati.fisi.org\/friuli-venezia-giulia\/wp-json\/wp\/v2\/categories?post=83646"},{"taxonomy":"post_tag","embeddable":true,"href":"https:\/\/comitati.fisi.org\/friuli-venezia-giulia\/wp-json\/wp\/v2\/tags?post=83646"}],"curies":[{"name":"wp","href":"https:\/\/api.w.org\/{rel}","templated":true}]}}