{"id":83587,"date":"2022-01-03T13:18:35","date_gmt":"2022-01-03T12:18:35","guid":{"rendered":"https:\/\/www.fisifvg.org\/?p=83587"},"modified":"2022-01-03T13:18:35","modified_gmt":"2022-01-03T12:18:35","slug":"martina-di-centa-mai-cosi-bene-in-coppa-del-mondo","status":"publish","type":"post","link":"https:\/\/comitati.fisi.org\/friuli-venezia-giulia\/blog\/2022\/01\/03\/martina-di-centa-mai-cosi-bene-in-coppa-del-mondo\/","title":{"rendered":"Martina Di Centa mai cos\u00ec bene in Coppa del Mondo"},"content":{"rendered":"<p>Martina Di Centa ha ottenuto oggi il suo miglior risultato di sempre in Coppa del Mondo.<\/p>\n<p>La 21enne scuola Aldo Moro \u00e8 giunta 32a nella 10 km tc mass start del Tour de Ski a Lago di Tesero, mancando la zona punti (riservata alle migliori 30) per 16 secondi e, come detto, ottenendo il suo piazzamento pi\u00f9 alto in classifica da quando ha esordito nel massimo circuito dello sci di fondo, ovvero nella passata stagione.<\/p>\n<p>Martina ha concluso a 2&#8217;20&#8221; dalla vincitrice, la leader del Tour Nepryaeva.\u00a0<em>&#8220;La gara di oggi \u00e8 stata impegnativa, quattro giri su un tracciato cos\u00ec tecnico si fanno sentire, soprattutto in una gara a classico dove la tenuta \u00e8 importante &#8211; dice la carabiniera -. Forse per\u00f2 \u00e8 la gara che mi ha dato le sensazioni migliori fino ad adesso e allora sono contenta. E\u2019 andata decisamente meglio di quello che mi aspettavo e forse anche il fatto di essere a \u201ccasa\u201d e avere pi\u00f9 tifo del solito aiuta.. Correre ai tempi del Covid \u00e8 difficile, l\u2019anno scorso l\u2019ho subito poco, ma quest\u2019anno si sentono continuamente i casi che aumentano ed essendo un anno importante non \u00e8 facile mantenere la serenit\u00e0, bisogna sempre stare davvero attenti&#8221;.\u00a0<\/em>Per Martina il Tour si chiude qui, visto che non parteciper\u00e0 domani all&#8217;ultima tappa che si chiuder\u00e0 sul Cermis.<\/p>\n<p>In gara anche Cristina Pittin, 44a a 3&#8217;21&#8221;.<em> &#8220;Non sono molto soddisfatta della gara di oggi, poteva andare molto meglio, mi dispiace per il pubblico che faceva il tifo in pista &#8211; <\/em>afferma la 23enne del Cs Esercito<em> -. Devo ringraziarlo perch\u00e9 mi ha aiutato molto, altrimenti sarebbe stata molto pi\u00f9 dura. Nelle prossime gare mi piacerebbe riuscire a guadagnare quei venti, trenta secondi, cos\u00ec da arrivare un po\u2019 pi\u00f9 avanti. Durante la gara mi sono staccata dal gruppo, avrei voluto cercare di rimanere pi\u00f9 vicina, ma andavano molto veloci ed ho dovuto rallentare altrimenti non sarei riuscita a finirla. Parteciper\u00f2 alla Final Climb per completare il mio primo Tour de Ski, anche perch\u00e9 non \u00e8 sicuro che parteciper\u00f2 di nuovo in futuro, quindi voglio approfittare di questa opportunit\u00e0&#8221;.<\/em><\/p>\n<p>Nella 15 km maschile, dominata dal formidabile norvegese Klaebo, Martin Coradazzi si \u00e8 piazzato 46\u00b0 a 3&#8217;58&#8221;, Davide Graz 57\u00b0 a 5&#8217;29&#8221;.<\/p>\n<p lang=\"it-IT\" align=\"LEFT\"><em>&#8220;Questa 15 km mette a dura prova il fisico, ci sono 24 salite, il percorso \u00e8 molto duro &#8211; <\/em>afferma Coradazzi &#8211;<em>. E\u2019 una delle poche gare corte che fa cos\u00ec tanta selezione: siamo arrivati tutti staccati. Il ritmo impostato era alto fin dai primi giri e quello ha fatto la differenza. C\u2019era un bel tifo lungo il percorso, si sente quando manca, come accaduto a Oberstdorf, dove il tracciato era blindato, \u00e8 un bell\u2019aiuto quando la fatica comincia a farsi sentire. Sono curioso di affrontare la gara di domani, sar\u00e0 la prima volta per me sul Cermis e non vedo l\u2019ora di provare cosa voglia dire risalire una pista da discesa con gli sci da pattinato&#8221;.<\/em><\/p>\n<p><em>&#8220;Oggi giornata no per me &#8211; <\/em>sospira Graz, che conclude qui il suo Tour <em>&#8211; . Ho tenuto bene tre giri, poi ero proprio vuoto. Il Tour de Ski come format di gare \u00e8 davvero durissimo, io ho dato tutto, per\u00f2 le sensazioni sono abbastanza desolanti. Sono stanco e privo di energie. E\u2019 andata cos\u00ec\u2026&#8221;.<\/em><\/p>\n<p><a href=\"http:\/\/live.fis-ski.com\/cc-2505\/results-pda.htm\">CLASSIFICA<\/a><\/p>\n","protected":false},"excerpt":{"rendered":"<p>La paluzzana scuola Aldo Moro \u00e8 giunta 32a nella 10 km tc mass start del Tour de Ski a Lago di Tesero<\/p>\n","protected":false},"author":4,"featured_media":83591,"comment_status":"closed","ping_status":"closed","sticky":false,"template":"","format":"standard","meta":{"_acf_changed":false,"footnotes":""},"categories":[10,11],"tags":[],"acf":[],"_links":{"self":[{"href":"https:\/\/comitati.fisi.org\/friuli-venezia-giulia\/wp-json\/wp\/v2\/posts\/83587"}],"collection":[{"href":"https:\/\/comitati.fisi.org\/friuli-venezia-giulia\/wp-json\/wp\/v2\/posts"}],"about":[{"href":"https:\/\/comitati.fisi.org\/friuli-venezia-giulia\/wp-json\/wp\/v2\/types\/post"}],"author":[{"embeddable":true,"href":"https:\/\/comitati.fisi.org\/friuli-venezia-giulia\/wp-json\/wp\/v2\/users\/4"}],"replies":[{"embeddable":true,"href":"https:\/\/comitati.fisi.org\/friuli-venezia-giulia\/wp-json\/wp\/v2\/comments?post=83587"}],"version-history":[{"count":0,"href":"https:\/\/comitati.fisi.org\/friuli-venezia-giulia\/wp-json\/wp\/v2\/posts\/83587\/revisions"}],"wp:featuredmedia":[{"embeddable":true,"href":"https:\/\/comitati.fisi.org\/friuli-venezia-giulia\/wp-json\/wp\/v2\/media\/83591"}],"wp:attachment":[{"href":"https:\/\/comitati.fisi.org\/friuli-venezia-giulia\/wp-json\/wp\/v2\/media?parent=83587"}],"wp:term":[{"taxonomy":"category","embeddable":true,"href":"https:\/\/comitati.fisi.org\/friuli-venezia-giulia\/wp-json\/wp\/v2\/categories?post=83587"},{"taxonomy":"post_tag","embeddable":true,"href":"https:\/\/comitati.fisi.org\/friuli-venezia-giulia\/wp-json\/wp\/v2\/tags?post=83587"}],"curies":[{"name":"wp","href":"https:\/\/api.w.org\/{rel}","templated":true}]}}