{"id":83527,"date":"2022-01-02T16:13:19","date_gmt":"2022-01-02T15:13:19","guid":{"rendered":"https:\/\/www.fisifvg.org\/?p=83527"},"modified":"2022-01-02T16:13:19","modified_gmt":"2022-01-02T15:13:19","slug":"dopo-oltre-30-anni-enemonzo-ha-ospitato-una-gara-di-sci-di-fondo","status":"publish","type":"post","link":"https:\/\/comitati.fisi.org\/friuli-venezia-giulia\/blog\/2022\/01\/02\/dopo-oltre-30-anni-enemonzo-ha-ospitato-una-gara-di-sci-di-fondo\/","title":{"rendered":"Dopo oltre 30 anni Enemonzo ha ospitato una gara di sci di fondo"},"content":{"rendered":"<p>Giornata particolare quella di oggi per lo sci di fondo regionale, non solo perch\u00e9 si \u00e8 disputata la prima gara del 2022 del circuito FISI FVG, ma perch\u00e9 la manifestazione si \u00e8 svolta ad Enemonzo, a soli 400 metri di quota.<\/p>\n<p>Nella localit\u00e0 carnica fino agli anni &#8217;90 c&#8217;era uno sci club, il Monte Lovinzola, che organizzava una gara con tre diversi percorsi (5, 10 e 30 km ) che arrivava fino a Priuso di Socchieve, oltre a snodarsi in tutta la piana di Enemonzo e sulla destra del Tagliamento. L&#8217;ultima gara si era disputata nel 1991.<\/p>\n<p>Oggi, quindi, a distanza di oltre 30 anni ecco il ritorno dello sci ad Enemonzo grazie all&#8217;impegno del Gs Edelweiss, alla collaborazione del Comune e all&#8217;impegno di numerosi volontari (in particolare la famiglia Cosano, guidata ancora dal capostipite Giorgio), che hanno curato la pista e che ogni anno, con grande passione, la rendono disponibile agli appassionati non appena le condizioni lo permettono.<\/p>\n<p>Tornando al lato agonistico, oggi si \u00e8 svolta una sprint a tecnica libera per Giovani\/Senior, Allievi e Ragazzi, mentre Cuccioli, Baby e Superbaby sono stati impegnati in una prova individuale a tecnica classica.<\/p>\n<p>Questi i podi.<\/p>\n<p><strong>RAGAZZE: 1. Veronica Buzzi (Weissenfels),<\/strong> 2. Emma Di Ronco (Aldo Moro), 3. Aida Cesco Fabbro (Camosci).<br \/>\n<strong>RAGAZZI: 1. Filippo Tach (Camosci)<\/strong>, 2. Cristopher Primus (Timaucleulis), 3. Leonardo Salon (Aldo Moro).<br \/>\n<strong>ALLIEVE: 1. Irene Sclisizzo (Aldo Moro)<\/strong>, 2. Katia Mori (Aldo Moro), 3. Greta De Crignis (Edelweiss).<br \/>\n<strong>ALLIEVI: 1. Marco Pinzani (Lussari),<\/strong> 2. Tommaso Di Ronco (Aldo Moro), 3. Marco Iorio (Camosci).<br \/>\n<strong>GIOVANI\/SENIOR F: 1. Rebecca Bergagnin (Monte Coglians)<\/strong>, 2. Aurora Morassi (Timaucleulis). 3. Gessica Mori (Aldo Moro).<br \/>\n<strong>GIOVANI\/SENIOR M: 1. Marco Gaudenzio (Bachmann),<\/strong> 2. Edoardo Buzzi (Carabinieri). 3. Patrick Belcari (Bachmann).<\/p>\n<p><strong>SUPERBABY F: 1. Vittoria Degano (Camosci),<\/strong> 2. Linda Romanin (Monte Coglians), 3. Jasmine Florit (Edelweiss).<br \/>\n<strong>SUPERBABY M: 1. Christian Preschern (Lussari),<\/strong> 2. Michele Candido (Camosci). 3. Nicol\u00f2 Fortini (Lussari).<br \/>\n<strong>BABY F: 1. Vanessa Piccolo (Edelweiss<\/strong>), 2. Emma Grandelis (Camosci), 3. Teresa De Faveri (Camosci).<br \/>\n<strong>BABY M: 1. Jacopo Moroldo (Bachmann),<\/strong> 2. Matteo Moro (Timaucleulis), 3. Nicol\u00f2 Piller Cottrer (Camosci).<br \/>\n<strong>CUCCIOLI F: 1. Monica Santaniello (Lussari),<\/strong> 2. Zoe Pividori (Monte Coglians), 3. Greta Romanin (Monte Coglians).<br \/>\n<strong>CUCCIOLI M: 1. Giacomo Da Sacco (Camosci)<\/strong>, 2. Luca Colle Wincler (Camosci), 3. Filippo Di Ronco (Aldo Moro).<\/p>\n<p><strong>SOCIETA&#8217;: 1. Camosci,<\/strong> 2. Aldo Moro, 3. Monte Coglians.<\/p>\n<p><a href=\"http:\/\/comitati.fisi.org\/friuli-venezia-giulia\/wp-content\/uploads\/sites\/34\/2022\/01\/TabelloneRF.pdf\">-Tabellone Ragazze<\/a><br \/>\n<a href=\"http:\/\/comitati.fisi.org\/friuli-venezia-giulia\/wp-content\/uploads\/sites\/34\/2022\/01\/TabelloneRM.pdf\">-Tabellone Ragazzi<\/a><br \/>\n<a href=\"https:\/\/www.fisifvg.org\/wp-content\/uploads\/2022\/01\/TabelloneAF.pdf\">-Tabellone Allieve<\/a><br \/>\n<a href=\"http:\/\/comitati.fisi.org\/friuli-venezia-giulia\/wp-content\/uploads\/sites\/34\/2022\/01\/TabelloneAM.pdf\">-Tabellone Allievi<\/a><br \/>\n<a href=\"http:\/\/comitati.fisi.org\/friuli-venezia-giulia\/wp-content\/uploads\/sites\/34\/2022\/01\/TabelloneGSF.pdf\">-Tabellone Giovani Senior femminile<\/a><br \/>\n<a href=\"http:\/\/comitati.fisi.org\/friuli-venezia-giulia\/wp-content\/uploads\/sites\/34\/2022\/01\/TabelloneGSM.pdf\">-Tabellone Giovani Senior maschile<\/a><br \/>\n<a href=\"http:\/\/comitati.fisi.org\/friuli-venezia-giulia\/wp-content\/uploads\/sites\/34\/2022\/01\/ClassificaSB-BABY-CUC.pdf\">-Classifiche qualificazioni GS AL RA e individuale SB BA CU<\/a><br \/>\n<a href=\"http:\/\/comitati.fisi.org\/friuli-venezia-giulia\/wp-content\/uploads\/sites\/34\/2022\/01\/Classifica-societa.pdf\">-Classifica societ\u00e0<\/a><\/p>\n<p>&nbsp;<\/p>\n","protected":false},"excerpt":{"rendered":"<p>Grazie all&#8217;impegno del Gs Edelweiss, alla collaborazione del Comune e all&#8217;impegno di numerosi volontari<\/p>\n","protected":false},"author":4,"featured_media":83552,"comment_status":"closed","ping_status":"closed","sticky":false,"template":"","format":"standard","meta":{"_acf_changed":false,"footnotes":""},"categories":[11],"tags":[],"acf":[],"_links":{"self":[{"href":"https:\/\/comitati.fisi.org\/friuli-venezia-giulia\/wp-json\/wp\/v2\/posts\/83527"}],"collection":[{"href":"https:\/\/comitati.fisi.org\/friuli-venezia-giulia\/wp-json\/wp\/v2\/posts"}],"about":[{"href":"https:\/\/comitati.fisi.org\/friuli-venezia-giulia\/wp-json\/wp\/v2\/types\/post"}],"author":[{"embeddable":true,"href":"https:\/\/comitati.fisi.org\/friuli-venezia-giulia\/wp-json\/wp\/v2\/users\/4"}],"replies":[{"embeddable":true,"href":"https:\/\/comitati.fisi.org\/friuli-venezia-giulia\/wp-json\/wp\/v2\/comments?post=83527"}],"version-history":[{"count":0,"href":"https:\/\/comitati.fisi.org\/friuli-venezia-giulia\/wp-json\/wp\/v2\/posts\/83527\/revisions"}],"wp:featuredmedia":[{"embeddable":true,"href":"https:\/\/comitati.fisi.org\/friuli-venezia-giulia\/wp-json\/wp\/v2\/media\/83552"}],"wp:attachment":[{"href":"https:\/\/comitati.fisi.org\/friuli-venezia-giulia\/wp-json\/wp\/v2\/media?parent=83527"}],"wp:term":[{"taxonomy":"category","embeddable":true,"href":"https:\/\/comitati.fisi.org\/friuli-venezia-giulia\/wp-json\/wp\/v2\/categories?post=83527"},{"taxonomy":"post_tag","embeddable":true,"href":"https:\/\/comitati.fisi.org\/friuli-venezia-giulia\/wp-json\/wp\/v2\/tags?post=83527"}],"curies":[{"name":"wp","href":"https:\/\/api.w.org\/{rel}","templated":true}]}}