{"id":83459,"date":"2021-12-31T08:42:06","date_gmt":"2021-12-31T07:42:06","guid":{"rendered":"https:\/\/www.fisifvg.org\/?p=83459"},"modified":"2021-12-31T08:42:06","modified_gmt":"2021-12-31T07:42:06","slug":"il-gran-premio-italia-fa-tappa-a-tarvisio-in-programma-discese-e-superg","status":"publish","type":"post","link":"https:\/\/comitati.fisi.org\/friuli-venezia-giulia\/blog\/2021\/12\/31\/il-gran-premio-italia-fa-tappa-a-tarvisio-in-programma-discese-e-superg\/","title":{"rendered":"Il Gran Premio Italia fa tappa a Tarvisio, in programma discese e superG"},"content":{"rendered":"<p>Da luned\u00ec 17 a gioved\u00ec 20 gennaio sulla pista &#8220;Di Prampero&#8221; di Tarvisio si disputer\u00e0 il Gran Premio Italia di sci alpino maschile, con due discese e due superG.<\/p>\n<p>L\u2019organizzazione \u00e8 stata assegnata allo Sci CAI XXX Ottobre, guidato dal presidente Stefano Marchesi, a cui era stata affidata gi\u00e0 l&#8217;organizzazione delle gare femminili lo scorso 27-28 febbraio e 1\u00b0 marzo a Sella Nevea.<\/p>\n<p>Il GP Italia \u00e8 il circuito di gare federali (inaugurate a Solda il 14 e 15 novembre) inserite nel calendario FIS e riservate alle categorie senior (nati negli anni 2000 e precedenti), giovani (nati dal 2001 al 2005) e aspiranti (nati nel 2004 e 2005).<\/p>\n<p>Verr\u00e0 garantito il\u00a0rispetto delle normative sanitarie\u00a0vigenti attraverso la misurazione della temperatura, l&#8217;obbligo di indossare la mascherina e mantenere la distanza sociale, la verifica del Green Pass. Le gare si terranno a porte chiuse, non \u00e8 infatti permesso l&#8217;accesso al pubblico.<\/p>\n<p>La manifestazione gode della collaborazione di Several Insurance Broker, Il Pane Quotidiano Srl e C.M.G. Srl.<\/p>\n<p><em><span id=\"m_4927148240747307257gmail-docs-internal-guid-e7e73f50-7fff-4aa8-e671-381eae6b1ba1\">\u201cRitengo doveroso conferire il giusto merito allo Sci Cai XXX ottobre per lo sforzo organizzativo profuso e finalizzato alla realizzazione di questo prestigioso evento in una cornice di piena sicurezza sanitaria per gli atleti e i loro entourage &#8211; <\/span><\/em><span id=\"m_4927148240747307257gmail-docs-internal-guid-e7e73f50-7fff-4aa8-e671-381eae6b1ba1\">dice il presidente della Regione FVG Massimiliano Fedriga &#8211;<\/span><em><span id=\"m_4927148240747307257gmail-docs-internal-guid-e7e73f50-7fff-4aa8-e671-381eae6b1ba1\">. In questo modo le gare di sci alpino maschile del Gran Premio Italia, conseguiranno l\u2019impegnativo obiettivo di garantire, con l&#8217;applicazione delle regole anti-Covid, lo svolgimento di una manifestazione sportiva di spessore internazionale, capace, in un momento non semplice, di dare beneficio all&#8217;economia della montagna del Friuli Venezia Giulia. In quest&#8217;ottica l&#8217;Amministrazione regionale attraverso l&#8217;intervento di PromoTurismoFVG ha supportato l\u2019appuntamento agonistico di Tarvisio con la consapevolezza che, anche nello sport, il ritorno alla normalit\u00e0 pre-pandemica passa attraverso l\u2019utilizzo di quegli spazi di movimento e di libert\u00e0 conquistati principalmente grazie alla responsabilit\u00e0 collettiva di tutti quei cittadini che si sono vaccinati\u201d.<\/span><\/em><\/p>\n<p><em>&#8220;Siamo davvero orgogliosi che la FISI e il GP Italia abbiano assegnato allo Sci CAI XXX Ottobre l&#8217;organizzazione delle gare a Tarvisio &#8211; <\/em>afferma il presidente del sodalizio triestino Stefano Marchesi &#8211;<em>. Siamo tutti pronti ad accogliere al meglio gli atleti che arriveranno in Friuli Venezia Giulia e che potranno fare un&#8217;esperienza completa in cui lo sport abbraccia anche la cultura e le peculiarit\u00e0 del nostro territorio. Ringrazio la Regione e PromoTurismoFVG per il prezioso supporto che ci stanno dando per offrire una competizione internazionale di alto livello nel rispetto delle normative attuali\u201d.<\/em><\/p>\n<p><strong>STORIA DELLO SCI CAI XXX OTTOBRE<\/strong><\/p>\n<p>Lo SCI CAI trae origine dell\u2019associazione \u201cXXX OTTOBRE\u201d, polisportiva fondata il 24 novembre 1918 da una cinquantina di giovani che nel nome volevano ricordare il giorno dell&#8217;insurrezione di Trieste contro l&#8217;Austria. Nel 1938 la \u201cTrenta\u201d entra a far parte del Club Alpino Italiano e, accanto al Gruppo Rocciatori e alla Sezione Grotte, viene costituito lo SCI CAI, che nel 1947 si affilia alla FISI \u2013 Federazione Italiana Sport Invernali.<\/p>\n<p>Uno dei primi istruttori fu Ermanno Nogler, che divenne allenatore della squadra azzurra di discesa. Con Franz Freund i giovani fecero un salto di qualit\u00e0 non solamente sotto il profilo tecnico ma, soprattutto, per l&#8217;impostazione morale e della volont\u00e0.<\/p>\n<p>Oggi, ad oltre sessant\u2019 anni dalla sua costituzione e forte di circa 200 tra iscritti e simpatizzanti, \u00e8 uno degli sci club pi\u00f9 numerosi e attivi di tutto il panorama regionale. Si rivolge sia ai ragazzi che praticano attivit\u00e0 agonistica sia a bambini e ragazzi che vogliono vivere in allegria lo sci imparando a farlo in sicurezza e con padronanza dei propri mezzi. Gli atleti coprono tutte le categorie previste dalla FISI che vanno dai Superbaby di appena 6 anni ai Master maschili e femminili.<\/p>\n<p>Fin dall&#8217;inizio della sua attivit\u00e0 lo SCI CAI XXX OTTOBRE ha curato, con competenza ed entusiasmo, l&#8217;organizzazione di gare di diverso genere.<\/p>\n<p><a href=\"https:\/\/www.fisifvg.org\/wp-content\/uploads\/2019\/11\/GRAN-PREMIO-ITALIA-FIS-programma-finale.pdf\">PROGRAMMA<\/a><\/p>\n<p>&nbsp;<\/p>\n","protected":false},"excerpt":{"rendered":"<p>Da luned\u00ec 17 a gioved\u00ec 20 gennaio sulla pista &#8220;Di Prampero&#8221; la manifestazione organizzata dallo Sci CAI XXX Ottobre<\/p>\n","protected":false},"author":4,"featured_media":23364,"comment_status":"closed","ping_status":"closed","sticky":false,"template":"","format":"standard","meta":{"_acf_changed":false,"footnotes":""},"categories":[10,15],"tags":[],"acf":[],"_links":{"self":[{"href":"https:\/\/comitati.fisi.org\/friuli-venezia-giulia\/wp-json\/wp\/v2\/posts\/83459"}],"collection":[{"href":"https:\/\/comitati.fisi.org\/friuli-venezia-giulia\/wp-json\/wp\/v2\/posts"}],"about":[{"href":"https:\/\/comitati.fisi.org\/friuli-venezia-giulia\/wp-json\/wp\/v2\/types\/post"}],"author":[{"embeddable":true,"href":"https:\/\/comitati.fisi.org\/friuli-venezia-giulia\/wp-json\/wp\/v2\/users\/4"}],"replies":[{"embeddable":true,"href":"https:\/\/comitati.fisi.org\/friuli-venezia-giulia\/wp-json\/wp\/v2\/comments?post=83459"}],"version-history":[{"count":0,"href":"https:\/\/comitati.fisi.org\/friuli-venezia-giulia\/wp-json\/wp\/v2\/posts\/83459\/revisions"}],"wp:featuredmedia":[{"embeddable":true,"href":"https:\/\/comitati.fisi.org\/friuli-venezia-giulia\/wp-json\/wp\/v2\/media\/23364"}],"wp:attachment":[{"href":"https:\/\/comitati.fisi.org\/friuli-venezia-giulia\/wp-json\/wp\/v2\/media?parent=83459"}],"wp:term":[{"taxonomy":"category","embeddable":true,"href":"https:\/\/comitati.fisi.org\/friuli-venezia-giulia\/wp-json\/wp\/v2\/categories?post=83459"},{"taxonomy":"post_tag","embeddable":true,"href":"https:\/\/comitati.fisi.org\/friuli-venezia-giulia\/wp-json\/wp\/v2\/tags?post=83459"}],"curies":[{"name":"wp","href":"https:\/\/api.w.org\/{rel}","templated":true}]}}