{"id":83451,"date":"2021-12-30T17:51:02","date_gmt":"2021-12-30T16:51:02","guid":{"rendered":"https:\/\/www.fisifvg.org\/?p=83451"},"modified":"2021-12-30T17:51:02","modified_gmt":"2021-12-30T16:51:02","slug":"niente-finale-ma-martina-zanitzer-esce-a-testa-alta-dallesordio-in-coppa-del-mondo","status":"publish","type":"post","link":"https:\/\/comitati.fisi.org\/friuli-venezia-giulia\/blog\/2021\/12\/30\/niente-finale-ma-martina-zanitzer-esce-a-testa-alta-dallesordio-in-coppa-del-mondo\/","title":{"rendered":"Niente finale, ma Martina Zanitzer esce a testa alta dall&#8217;esordio in Coppa del Mondo"},"content":{"rendered":"<p>Non \u00e8 arrivata la qualificazione tra le migliori 50 che parteciperanno venerd\u00ec alla gara, ma Martina Zanitzer \u00e8 uscita a testa alta <a href=\"https:\/\/www.fisifvg.org\/2021\/12\/29\/esordio-in-coppa-del-mondo-a-16-anni-per-martina-zanitzer\/\">dalla sua prima uscita nella Coppa del Mondo di salto con gli sci<\/a>.<\/p>\n<p>A Ljubno (Slovenia) la 16enne della squadra FISI FVG ha mancato l&#8217;obiettivo per soli 3.3 punti, quelli cio\u00e9 che la separano dall&#8217;altra azzurra Jessica Malsiner, ultima delle qualificate questo pomeriggio.<\/p>\n<p>La lussarina, atterrata a 76 metri sull&#8217;HS 94, ha concluso al 55\u00b0 posto.<\/p>\n<p>La localit\u00e0 slovena, oltre alla gara di venerd\u00ec, ne ospiter\u00e0 un&#8217;altra il giorno seguente.<\/p>\n<p><a href=\"https:\/\/www.fis-ski.com\/DB\/general\/results.html?sectorcode=JP&amp;raceid=6188\">CLASSIFICA<\/a><\/p>\n","protected":false},"excerpt":{"rendered":"<p>Oggi la prima uscita nel massimo circuito del salto con gli sci per la 16enne dello Sci CAI Monte Lussari<\/p>\n","protected":false},"author":4,"featured_media":76672,"comment_status":"closed","ping_status":"closed","sticky":false,"template":"","format":"standard","meta":{"_acf_changed":false,"footnotes":""},"categories":[10,12],"tags":[],"acf":[],"_links":{"self":[{"href":"https:\/\/comitati.fisi.org\/friuli-venezia-giulia\/wp-json\/wp\/v2\/posts\/83451"}],"collection":[{"href":"https:\/\/comitati.fisi.org\/friuli-venezia-giulia\/wp-json\/wp\/v2\/posts"}],"about":[{"href":"https:\/\/comitati.fisi.org\/friuli-venezia-giulia\/wp-json\/wp\/v2\/types\/post"}],"author":[{"embeddable":true,"href":"https:\/\/comitati.fisi.org\/friuli-venezia-giulia\/wp-json\/wp\/v2\/users\/4"}],"replies":[{"embeddable":true,"href":"https:\/\/comitati.fisi.org\/friuli-venezia-giulia\/wp-json\/wp\/v2\/comments?post=83451"}],"version-history":[{"count":0,"href":"https:\/\/comitati.fisi.org\/friuli-venezia-giulia\/wp-json\/wp\/v2\/posts\/83451\/revisions"}],"wp:featuredmedia":[{"embeddable":true,"href":"https:\/\/comitati.fisi.org\/friuli-venezia-giulia\/wp-json\/wp\/v2\/media\/76672"}],"wp:attachment":[{"href":"https:\/\/comitati.fisi.org\/friuli-venezia-giulia\/wp-json\/wp\/v2\/media?parent=83451"}],"wp:term":[{"taxonomy":"category","embeddable":true,"href":"https:\/\/comitati.fisi.org\/friuli-venezia-giulia\/wp-json\/wp\/v2\/categories?post=83451"},{"taxonomy":"post_tag","embeddable":true,"href":"https:\/\/comitati.fisi.org\/friuli-venezia-giulia\/wp-json\/wp\/v2\/tags?post=83451"}],"curies":[{"name":"wp","href":"https:\/\/api.w.org\/{rel}","templated":true}]}}