{"id":83389,"date":"2021-12-29T20:58:35","date_gmt":"2021-12-29T19:58:35","guid":{"rendered":"https:\/\/www.fisifvg.org\/?p=83389"},"modified":"2021-12-29T20:58:35","modified_gmt":"2021-12-29T19:58:35","slug":"esordio-in-coppa-del-mondo-a-16-anni-per-martina-zanitzer","status":"publish","type":"post","link":"https:\/\/comitati.fisi.org\/friuli-venezia-giulia\/blog\/2021\/12\/29\/esordio-in-coppa-del-mondo-a-16-anni-per-martina-zanitzer\/","title":{"rendered":"Esordio in Coppa del Mondo a 16 anni per Martina Zanitzer!"},"content":{"rendered":"<p>Giornata da ricordare quella di gioved\u00ec 30 dicembre per Martina Zanitzer.<\/p>\n<p>Perch\u00e9 la tarvisiana dello Sci CAI Monte Lussari sar\u00e0 al via alle 16.30 a Ljubno (Slovenia) della qualificazione in vista della gara di Coppa del Mondo di salto con gli sci in programma a San Silvestro. In sostanza Martina per la prima volta garegger\u00e0 nel massimo circuito della disciplina, un traguardo raggiunto a soli 16 anni. Un&#8217;unica ragazza tra le 71 iscritte \u00e8 pi\u00f9 giovane di lei.<\/p>\n<p>Una bella soddisfazione per il movimento regionale del salto, per il Lussari e per pap\u00e0 Gianluca, attuale allenatore azzurro dello sci alpino e fino alla passata stagione alla guida della squadra FISI FVG: &#8220;Martina andr\u00e0 in Slovenia per fare esperienza, senza grandi aspettative, anche perch\u00e9 il trampolino HS94 \u00e8 difficile&#8221;, dice con orgoglio ma anche con realismo Gianluca Zanitzer, che<span style=\"font-size: 1rem\"> essendo la gara a porte chiuse non potr\u00e0 essere presente, come avrebbe voluto. Ma avr\u00e0 tempo per rifarsi, ne siamo certi.<\/span><\/p>\n<p>&nbsp;<\/p>\n<p>&nbsp;<\/p>\n","protected":false},"excerpt":{"rendered":"<p>La tarvisiana sar\u00e0 impegnata nelle qualificazioni dal trampolino HS94 di Ljubno <\/p>\n","protected":false},"author":4,"featured_media":83095,"comment_status":"closed","ping_status":"closed","sticky":false,"template":"","format":"standard","meta":{"_acf_changed":false,"footnotes":""},"categories":[12],"tags":[],"acf":[],"_links":{"self":[{"href":"https:\/\/comitati.fisi.org\/friuli-venezia-giulia\/wp-json\/wp\/v2\/posts\/83389"}],"collection":[{"href":"https:\/\/comitati.fisi.org\/friuli-venezia-giulia\/wp-json\/wp\/v2\/posts"}],"about":[{"href":"https:\/\/comitati.fisi.org\/friuli-venezia-giulia\/wp-json\/wp\/v2\/types\/post"}],"author":[{"embeddable":true,"href":"https:\/\/comitati.fisi.org\/friuli-venezia-giulia\/wp-json\/wp\/v2\/users\/4"}],"replies":[{"embeddable":true,"href":"https:\/\/comitati.fisi.org\/friuli-venezia-giulia\/wp-json\/wp\/v2\/comments?post=83389"}],"version-history":[{"count":0,"href":"https:\/\/comitati.fisi.org\/friuli-venezia-giulia\/wp-json\/wp\/v2\/posts\/83389\/revisions"}],"wp:featuredmedia":[{"embeddable":true,"href":"https:\/\/comitati.fisi.org\/friuli-venezia-giulia\/wp-json\/wp\/v2\/media\/83095"}],"wp:attachment":[{"href":"https:\/\/comitati.fisi.org\/friuli-venezia-giulia\/wp-json\/wp\/v2\/media?parent=83389"}],"wp:term":[{"taxonomy":"category","embeddable":true,"href":"https:\/\/comitati.fisi.org\/friuli-venezia-giulia\/wp-json\/wp\/v2\/categories?post=83389"},{"taxonomy":"post_tag","embeddable":true,"href":"https:\/\/comitati.fisi.org\/friuli-venezia-giulia\/wp-json\/wp\/v2\/tags?post=83389"}],"curies":[{"name":"wp","href":"https:\/\/api.w.org\/{rel}","templated":true}]}}