{"id":83297,"date":"2021-12-22T09:20:05","date_gmt":"2021-12-22T08:20:05","guid":{"rendered":"https:\/\/www.fisifvg.org\/?p=83297"},"modified":"2021-12-22T09:20:05","modified_gmt":"2021-12-22T08:20:05","slug":"non-era-mai-accaduto-quattro-fondisti-fvg-al-via-del-tour-de-ski","status":"publish","type":"post","link":"https:\/\/comitati.fisi.org\/friuli-venezia-giulia\/blog\/2021\/12\/22\/non-era-mai-accaduto-quattro-fondisti-fvg-al-via-del-tour-de-ski\/","title":{"rendered":"Non era mai accaduto: quattro fondisti FVG al via del Tour de Ski"},"content":{"rendered":"<p>Non era mai accaduto che 4 sciatori della nostra regione partecipassero contemporaneamente al Tour de Ski, la corsa a tappe dello sci di fondo nata nella stagione 2006-2007.<\/p>\n<p>Marted\u00ec 28 dicembre nella sprint a tecnica libera di Lenzerheide ci saranno infatti Cristina Pittin, di nuovo al Tour dopo 3 anni; Martina Di Centa, che l&#8217;anno scorso arriv\u00f2 fino all&#8217;appuntamento finale del Cermis all&#8217;esordio nella manifestazione; Davide Graz, anch&#8217;egli esordiente lo scorso anno; Martin Coradazzi, presente per la prima volta al Tour. Una gran bella soddisfazione, quindi, per tutto il movimento FVG, con i 4 nostri ragazzi (tutti giovanissimi, andando dai 21 ai 23 anni) decisi a far bene anche in prospettiva Olimpiadi di Pechino.<\/p>\n<p>Il programma si aprir\u00e0 a nella localit\u00e0 svizzera con una sprint a tecnica libera, seguita il giorno successivo da una 10 km femminile e una 15 km maschile in tecnica classica. Gioved\u00ec 30 \u00e8 previsto il primo giorno di riposo con trasferimento a Oberstdorf (Germania), dove si riprender\u00e0 a gareggiare venerd\u00ec 31 con una 15 km maschile e una 10 km femminile in tecnica libera con partenza in linea, seguita sabato 1 gennaio da una sprint in classico.<br \/>\nIl Tour si concluder\u00e0 in Val di Fiemme: luned\u00ec 3 ci saranno la 15 km maschile e la 10 km femminile atecnica classica, antipasto del classico appuntamento con la salita al Cermis sulla distanza di 10 km a tecnica libera, in programma marted\u00ec 4.<\/p>\n<p>&nbsp;<\/p>\n","protected":false},"excerpt":{"rendered":"<p>Si tratta di Cristina Pittin, Martina Di Centa, Martin Coradazzi e Davide Graz<\/p>\n","protected":false},"author":4,"featured_media":83300,"comment_status":"closed","ping_status":"closed","sticky":false,"template":"","format":"standard","meta":{"_acf_changed":false,"footnotes":""},"categories":[10,11],"tags":[],"acf":[],"_links":{"self":[{"href":"https:\/\/comitati.fisi.org\/friuli-venezia-giulia\/wp-json\/wp\/v2\/posts\/83297"}],"collection":[{"href":"https:\/\/comitati.fisi.org\/friuli-venezia-giulia\/wp-json\/wp\/v2\/posts"}],"about":[{"href":"https:\/\/comitati.fisi.org\/friuli-venezia-giulia\/wp-json\/wp\/v2\/types\/post"}],"author":[{"embeddable":true,"href":"https:\/\/comitati.fisi.org\/friuli-venezia-giulia\/wp-json\/wp\/v2\/users\/4"}],"replies":[{"embeddable":true,"href":"https:\/\/comitati.fisi.org\/friuli-venezia-giulia\/wp-json\/wp\/v2\/comments?post=83297"}],"version-history":[{"count":0,"href":"https:\/\/comitati.fisi.org\/friuli-venezia-giulia\/wp-json\/wp\/v2\/posts\/83297\/revisions"}],"wp:featuredmedia":[{"embeddable":true,"href":"https:\/\/comitati.fisi.org\/friuli-venezia-giulia\/wp-json\/wp\/v2\/media\/83300"}],"wp:attachment":[{"href":"https:\/\/comitati.fisi.org\/friuli-venezia-giulia\/wp-json\/wp\/v2\/media?parent=83297"}],"wp:term":[{"taxonomy":"category","embeddable":true,"href":"https:\/\/comitati.fisi.org\/friuli-venezia-giulia\/wp-json\/wp\/v2\/categories?post=83297"},{"taxonomy":"post_tag","embeddable":true,"href":"https:\/\/comitati.fisi.org\/friuli-venezia-giulia\/wp-json\/wp\/v2\/tags?post=83297"}],"curies":[{"name":"wp","href":"https:\/\/api.w.org\/{rel}","templated":true}]}}