{"id":83188,"date":"2021-12-19T09:09:19","date_gmt":"2021-12-19T08:09:19","guid":{"rendered":"https:\/\/www.fisifvg.org\/?p=83188"},"modified":"2021-12-19T09:09:19","modified_gmt":"2021-12-19T08:09:19","slug":"troppi-per-lisa-vittozzi-i-7-errori-nella-mass-start-quarta-doro-wierer","status":"publish","type":"post","link":"https:\/\/comitati.fisi.org\/friuli-venezia-giulia\/blog\/2021\/12\/19\/troppi-per-lisa-vittozzi-i-7-errori-nella-mass-start-quarta-doro-wierer\/","title":{"rendered":"Troppi per Lisa Vittozzi i 7 errori nella mass start"},"content":{"rendered":"<p>Giornata no per Lisa Vittozzi nella 12.5 km mass start della Coppa del Mondo di biathlon a Annecy-Le Grand Bornand, in Francia.<\/p>\n<p>La sappadina si \u00e8 ritrovata fuori gara da subito avendo mancato tutti i 5 bersagli nella serie iniziale a terra e ritrovandosi per tre&#8211;quarti di gara al trentesimo e ultimo posto, con distacco da chi la precedeva. Successivamente ha commesso un errore nella seconda serie, uno nella terza ed \u00e8 stata precisa nell&#8217;ultima, chiudendo in 27a posizione comunque fra gli applausi del pubblico francese.<\/p>\n<p>Vittoria della svedese Elvira Oeberg, che bissa il successo di ieri nell&#8217;inseguimento, davanti ancora alla francese Simon e alla russa Reztsova, con Dorothea Wierer quarta a poco pi\u00f9 di un secondo dal podio dopo aver lottato per il successo (\u00e8 entrata in testa all&#8217;ultimo poligono, dove per\u00f2 un errore \u00e8 costato caro).<\/p>\n<p>La Coppa del Mondo ritorner\u00e0 dal 6 gennaio a Oberhof, in Germania.<\/p>\n<p><a href=\"https:\/\/www.biathlonworld.com\/live?c=BT2122SWRLCP04&amp;u=BTHW12.5KMMS----------FNL-000100--\">CLASSIFICA<\/a><\/p>\n<p><em><strong>(nella foto Lisa Vittozzi)<\/strong><\/em><\/p>\n","protected":false},"excerpt":{"rendered":"<p>Ultima giornata per la tappa di Coppa del Mondo di biathlon di Annecy-Le Grand Bornand, in Francia<\/p>\n","protected":false},"author":4,"featured_media":83011,"comment_status":"closed","ping_status":"closed","sticky":false,"template":"","format":"standard","meta":{"_acf_changed":false,"footnotes":""},"categories":[13],"tags":[],"acf":[],"_links":{"self":[{"href":"https:\/\/comitati.fisi.org\/friuli-venezia-giulia\/wp-json\/wp\/v2\/posts\/83188"}],"collection":[{"href":"https:\/\/comitati.fisi.org\/friuli-venezia-giulia\/wp-json\/wp\/v2\/posts"}],"about":[{"href":"https:\/\/comitati.fisi.org\/friuli-venezia-giulia\/wp-json\/wp\/v2\/types\/post"}],"author":[{"embeddable":true,"href":"https:\/\/comitati.fisi.org\/friuli-venezia-giulia\/wp-json\/wp\/v2\/users\/4"}],"replies":[{"embeddable":true,"href":"https:\/\/comitati.fisi.org\/friuli-venezia-giulia\/wp-json\/wp\/v2\/comments?post=83188"}],"version-history":[{"count":0,"href":"https:\/\/comitati.fisi.org\/friuli-venezia-giulia\/wp-json\/wp\/v2\/posts\/83188\/revisions"}],"wp:featuredmedia":[{"embeddable":true,"href":"https:\/\/comitati.fisi.org\/friuli-venezia-giulia\/wp-json\/wp\/v2\/media\/83011"}],"wp:attachment":[{"href":"https:\/\/comitati.fisi.org\/friuli-venezia-giulia\/wp-json\/wp\/v2\/media?parent=83188"}],"wp:term":[{"taxonomy":"category","embeddable":true,"href":"https:\/\/comitati.fisi.org\/friuli-venezia-giulia\/wp-json\/wp\/v2\/categories?post=83188"},{"taxonomy":"post_tag","embeddable":true,"href":"https:\/\/comitati.fisi.org\/friuli-venezia-giulia\/wp-json\/wp\/v2\/tags?post=83188"}],"curies":[{"name":"wp","href":"https:\/\/api.w.org\/{rel}","templated":true}]}}