{"id":82970,"date":"2021-12-16T14:23:24","date_gmt":"2021-12-16T13:23:24","guid":{"rendered":"https:\/\/www.fisifvg.org\/?p=82970"},"modified":"2021-12-16T14:23:24","modified_gmt":"2021-12-16T13:23:24","slug":"discesa-val-gardena-buzzi-non-conclude-la-seconda-prova-cronometrata","status":"publish","type":"post","link":"https:\/\/comitati.fisi.org\/friuli-venezia-giulia\/blog\/2021\/12\/16\/discesa-val-gardena-buzzi-non-conclude-la-seconda-prova-cronometrata\/","title":{"rendered":"Discesa Val Gardena, Buzzi non conclude la seconda prova cronometrata"},"content":{"rendered":"<p>Nella seconda e ultima sessione di allenamento per la discesa libera di Coppa del Mondo della Val Gardena, il favorito Aleksander Aamodt Kilde si \u00e8 imposto con il miglior tempo.<\/p>\n<p>In un allenamento dalle condizioni esterne perfette, Kilde ha sottolineato ancora una volta di essere l&#8217;uomo da battere nella discesa di sabato. Il norvegese ha stabilito il miglior tempo con 2.03,42 ed \u00e8 ora a caccia della sua terza vittoria di fila in discesa ai piedi del Sassolungo. Il 29enne \u00e8 gi\u00e0 stato imbattibile in Val Gardena nel 2018 e nel 2020, quando gli \u00e8 riuscito il colpo di vincere sia nel Super-G che nella discesa.<\/p>\n<p>Dietro il favorito Kilde, Otmar Striedinger \u00e8 arrivato secondo. L&#8217;austriaco ha finito la prova 29 centesimi dietro il pi\u00f9 veloce. I primi tre posti sono stati completati dallo specialista della Val Gardena Ryan Cochran-Siegle. Lo statunitense, che ha ottenuto il suo unico podio in Coppa del Mondo proprio sulla Saslong nel 2020, ha preso 38 centesimi da Kilde il giorno seguente al suo miglior tempo nel primo allenamento.<\/p>\n<p><b>Grande divario dietro i quattro pi\u00f9 veloci<\/b><br \/>\nIl quarto classificato \u00e8 lo svizzero Niels Hintermann (+0,41 secondi), unico atleta oltre a Striedinger e Cochran-Siegle a mantenere il distacco dal miglior tempo entro limiti ragionevoli. Da Johan Clarey (5\u00b0 posto \/ +1,08 secondi) in poi, il distacco di tutti gli atleti ha superato il secondo. Alcuni degli altri favoriti, come il vincitore della sfera di cristallo Beat Feuz, non hanno sfoderato le loro carte vincenti e hanno perso velocit\u00e0 ben prima del traguardo.<\/p>\n<p>I migliori specialisti italiani della velocit\u00e0 sono finiti fuori dalla top-15. Dominik Paris \u00e8 stato il miglior sciatore italiano con il 16\u00b0 posto. Oltre all\u2019atleta della Val d\u2019Ultimo, anche Mattia Casse (21\u00b0), Matteo Marsaglia (27\u00b0), il veterano Christof Innerhofer (28\u00b0) e Guglielmo Bosca (30\u00b0) si sono piazzati entro i primi 30. Emanuele Buzzi non ha concluso la prova; il sappadino al quarto intermedio era 45\u00b0, poi l&#8217;uscita.<\/p>\n<p><b>Una caduta sfortunata per Monsen<\/b><br \/>\nLa prova purtroppo \u00e8 stata caratterizzata anche da una caduta, quella dello svedese Felix Monsen. Il secondo sciatore pi\u00f9 veloce durante il primo allenamento ha perso il controllo dei suoi sci nella sezione centrale del tracciato, \u00e8 caduto ed \u00e8 stato portato via in elicottero.<\/p>\n<p>Venerd\u00ec alle 11.45 \u00e8 in programma il superG, sabato alla stessa ora la discesa.<\/p>\n<p><a href=\"http:\/\/live.fis-ski.com\/lv-al0040.htm#\/ranking\">CLASSIFICA<\/a><\/p>\n<p><em><strong>(nella suggestiva foto Pentaphoto, Emanuele Buzzi in azione ieri in Val Gardena)<\/strong><\/em><\/p>\n","protected":false},"excerpt":{"rendered":"<p>Venerd\u00ec alle 11.45 \u00e8 in programma il superG, sabato alla stessa ora la discesa<\/p>\n","protected":false},"author":4,"featured_media":82959,"comment_status":"closed","ping_status":"closed","sticky":false,"template":"","format":"standard","meta":{"_acf_changed":false,"footnotes":""},"categories":[15],"tags":[],"acf":[],"_links":{"self":[{"href":"https:\/\/comitati.fisi.org\/friuli-venezia-giulia\/wp-json\/wp\/v2\/posts\/82970"}],"collection":[{"href":"https:\/\/comitati.fisi.org\/friuli-venezia-giulia\/wp-json\/wp\/v2\/posts"}],"about":[{"href":"https:\/\/comitati.fisi.org\/friuli-venezia-giulia\/wp-json\/wp\/v2\/types\/post"}],"author":[{"embeddable":true,"href":"https:\/\/comitati.fisi.org\/friuli-venezia-giulia\/wp-json\/wp\/v2\/users\/4"}],"replies":[{"embeddable":true,"href":"https:\/\/comitati.fisi.org\/friuli-venezia-giulia\/wp-json\/wp\/v2\/comments?post=82970"}],"version-history":[{"count":0,"href":"https:\/\/comitati.fisi.org\/friuli-venezia-giulia\/wp-json\/wp\/v2\/posts\/82970\/revisions"}],"wp:featuredmedia":[{"embeddable":true,"href":"https:\/\/comitati.fisi.org\/friuli-venezia-giulia\/wp-json\/wp\/v2\/media\/82959"}],"wp:attachment":[{"href":"https:\/\/comitati.fisi.org\/friuli-venezia-giulia\/wp-json\/wp\/v2\/media?parent=82970"}],"wp:term":[{"taxonomy":"category","embeddable":true,"href":"https:\/\/comitati.fisi.org\/friuli-venezia-giulia\/wp-json\/wp\/v2\/categories?post=82970"},{"taxonomy":"post_tag","embeddable":true,"href":"https:\/\/comitati.fisi.org\/friuli-venezia-giulia\/wp-json\/wp\/v2\/tags?post=82970"}],"curies":[{"name":"wp","href":"https:\/\/api.w.org\/{rel}","templated":true}]}}