{"id":82914,"date":"2021-12-14T16:23:51","date_gmt":"2021-12-14T15:23:51","guid":{"rendered":"https:\/\/www.fisifvg.org\/?p=82914"},"modified":"2021-12-14T16:23:51","modified_gmt":"2021-12-14T15:23:51","slug":"dopo-quasi-due-anni-daniele-cappellari-ritrova-la-coppa-del-mondo","status":"publish","type":"post","link":"https:\/\/comitati.fisi.org\/friuli-venezia-giulia\/blog\/2021\/12\/14\/dopo-quasi-due-anni-daniele-cappellari-ritrova-la-coppa-del-mondo\/","title":{"rendered":"Dopo quasi due anni Daniele Cappellari ritrova la Coppa del Mondo"},"content":{"rendered":"<p>Sono otto, quattro donne ed altrettanti uomini, gli atleti convocati per il quarto appuntamento di Coppa del mondo in programma nella localit\u00e0 francese di Annecy \u2013 Le Grand Bornand. Novit\u00e0 di formazione, volute dal direttore tecnico Fabrizio Curtaz rispetto alla tappa austriaca di Hochfilzen, con l\u2019inserimento in campo femminile di Federica Sanfilippo e Linda Zingerle: saranno presenti inoltre <strong>Lisa Vittozzi<\/strong> e Dorothea Wierer. La formazione maschile sar\u00e0 invece composta da Thomas Bormolini, <strong>Daniele Cappellari<\/strong> (ultima apparazione in Coppa del Mondo nel gennaio 2020 a Pokljuka), Lukas Hofer e Tommaso Giacomel.<\/p>\n<p>Il programma prevede gioved\u00ec 16 dicembre la disputa della sprint femminile (ore 14.15), seguita venerd\u00ec 17 dalla sprint maschile (ore 14.15), mentre sabato 18 sar\u00e0 il tempo dell\u2019inseguimento femminile (ore 13.00) e maschile (15.00). Chiusura con due mass start, femminile e maschile, fissate per domenica 19 dicembre alle 12.45 e alle 14.45. Tutte le gare verranno trasmesse in diretta Eurosport e in streaming su <a href=\"https:\/\/www.eurovisionsports.tv\/ibu\/\">biathlonworld.com<\/a>.<\/p>\n<p><em><strong>(nella foto Daniele Cappellari)<\/strong><\/em><\/p>\n","protected":false},"excerpt":{"rendered":"<p>Il fornese sar\u00e0 in gara in Francia questa settimana, dove garegger\u00e0 anche Lisa Vittozzi<\/p>\n","protected":false},"author":4,"featured_media":67614,"comment_status":"closed","ping_status":"closed","sticky":false,"template":"","format":"standard","meta":{"_acf_changed":false,"footnotes":""},"categories":[13,10],"tags":[],"acf":[],"_links":{"self":[{"href":"https:\/\/comitati.fisi.org\/friuli-venezia-giulia\/wp-json\/wp\/v2\/posts\/82914"}],"collection":[{"href":"https:\/\/comitati.fisi.org\/friuli-venezia-giulia\/wp-json\/wp\/v2\/posts"}],"about":[{"href":"https:\/\/comitati.fisi.org\/friuli-venezia-giulia\/wp-json\/wp\/v2\/types\/post"}],"author":[{"embeddable":true,"href":"https:\/\/comitati.fisi.org\/friuli-venezia-giulia\/wp-json\/wp\/v2\/users\/4"}],"replies":[{"embeddable":true,"href":"https:\/\/comitati.fisi.org\/friuli-venezia-giulia\/wp-json\/wp\/v2\/comments?post=82914"}],"version-history":[{"count":0,"href":"https:\/\/comitati.fisi.org\/friuli-venezia-giulia\/wp-json\/wp\/v2\/posts\/82914\/revisions"}],"wp:featuredmedia":[{"embeddable":true,"href":"https:\/\/comitati.fisi.org\/friuli-venezia-giulia\/wp-json\/wp\/v2\/media\/67614"}],"wp:attachment":[{"href":"https:\/\/comitati.fisi.org\/friuli-venezia-giulia\/wp-json\/wp\/v2\/media?parent=82914"}],"wp:term":[{"taxonomy":"category","embeddable":true,"href":"https:\/\/comitati.fisi.org\/friuli-venezia-giulia\/wp-json\/wp\/v2\/categories?post=82914"},{"taxonomy":"post_tag","embeddable":true,"href":"https:\/\/comitati.fisi.org\/friuli-venezia-giulia\/wp-json\/wp\/v2\/tags?post=82914"}],"curies":[{"name":"wp","href":"https:\/\/api.w.org\/{rel}","templated":true}]}}