{"id":82885,"date":"2021-12-14T09:26:39","date_gmt":"2021-12-14T08:26:39","guid":{"rendered":"https:\/\/www.fisifvg.org\/?p=82885"},"modified":"2021-12-14T09:26:39","modified_gmt":"2021-12-14T08:26:39","slug":"emanuele-buzzi-si-prepara-per-le-gare-della-val-gardena-2","status":"publish","type":"post","link":"https:\/\/comitati.fisi.org\/friuli-venezia-giulia\/blog\/2021\/12\/14\/emanuele-buzzi-si-prepara-per-le-gare-della-val-gardena-2\/","title":{"rendered":"Emanuele Buzzi si prepara per le gare della Val Gardena"},"content":{"rendered":"<div class=\"pt-4 pb-5\">\n<p>Nove atleti azzurri prenderanno parte alle gare casalinghe della Val Gardena, apertura della Coppa del mondo di sci alpino sulle nevi italiane per la stagione 2021\/2022.<\/p>\n<p>I convocati sono Guglielmo Bosca, <strong>Emanuele Buzzi (<em>nella foto<\/em>)<\/strong>, Mattia Casse, Matteo Franzoso, Christof Innerhofer, Matteo Marsaglia, Nicol\u00f2 Molteni, Dominik Paris e Pietro Zazzi.<\/p>\n<p>Ricordiamo che la squadra azzurra pu\u00f2 schierare fino a sette concorrenti in discesa e altrettanti in supergigante.<\/p>\n<p>L\u2019ultima vittoria azzurro in Val Gardena risale al 2008, firmata da Werner Heel in supergigante, mentre porta la firma di Kristian Ghedina, nel 2001, l\u2019ultimo successo nella discesa. L\u2019Italia dal 1972, ha collezionato quindici podi in Coppa del mondo sulle piste altoatesine, l\u2019ultimo dei quali fu il secondo posto di Christof Innerhofer nel dicembre 2018.<\/p>\n<p>Il programma prevede mercoled\u00ec 15 e gioved\u00ec 16 le prove cronometrate, venerd\u00ec 17 il superG, sabato 18 la discesa.<\/p>\n<\/div>\n","protected":false},"excerpt":{"rendered":"<p>Il programma prevede mercoled\u00ec 15 e gioved\u00ec 16 le prove cronometrate, venerd\u00ec 17 il superG, sabato 18 la discesa<\/p>\n","protected":false},"author":4,"featured_media":82375,"comment_status":"closed","ping_status":"closed","sticky":false,"template":"","format":"standard","meta":{"_acf_changed":false,"footnotes":""},"categories":[15],"tags":[],"acf":[],"_links":{"self":[{"href":"https:\/\/comitati.fisi.org\/friuli-venezia-giulia\/wp-json\/wp\/v2\/posts\/82885"}],"collection":[{"href":"https:\/\/comitati.fisi.org\/friuli-venezia-giulia\/wp-json\/wp\/v2\/posts"}],"about":[{"href":"https:\/\/comitati.fisi.org\/friuli-venezia-giulia\/wp-json\/wp\/v2\/types\/post"}],"author":[{"embeddable":true,"href":"https:\/\/comitati.fisi.org\/friuli-venezia-giulia\/wp-json\/wp\/v2\/users\/4"}],"replies":[{"embeddable":true,"href":"https:\/\/comitati.fisi.org\/friuli-venezia-giulia\/wp-json\/wp\/v2\/comments?post=82885"}],"version-history":[{"count":0,"href":"https:\/\/comitati.fisi.org\/friuli-venezia-giulia\/wp-json\/wp\/v2\/posts\/82885\/revisions"}],"wp:featuredmedia":[{"embeddable":true,"href":"https:\/\/comitati.fisi.org\/friuli-venezia-giulia\/wp-json\/wp\/v2\/media\/82375"}],"wp:attachment":[{"href":"https:\/\/comitati.fisi.org\/friuli-venezia-giulia\/wp-json\/wp\/v2\/media?parent=82885"}],"wp:term":[{"taxonomy":"category","embeddable":true,"href":"https:\/\/comitati.fisi.org\/friuli-venezia-giulia\/wp-json\/wp\/v2\/categories?post=82885"},{"taxonomy":"post_tag","embeddable":true,"href":"https:\/\/comitati.fisi.org\/friuli-venezia-giulia\/wp-json\/wp\/v2\/tags?post=82885"}],"curies":[{"name":"wp","href":"https:\/\/api.w.org\/{rel}","templated":true}]}}