{"id":82881,"date":"2021-12-13T18:46:41","date_gmt":"2021-12-13T17:46:41","guid":{"rendered":"https:\/\/www.fisifvg.org\/?p=82881"},"modified":"2021-12-13T18:46:41","modified_gmt":"2021-12-13T17:46:41","slug":"in-10-dalla-fisi-fvg-allapertura-stagionale-dei-children-in-val-daosta","status":"publish","type":"post","link":"https:\/\/comitati.fisi.org\/friuli-venezia-giulia\/blog\/2021\/12\/13\/in-10-dalla-fisi-fvg-allapertura-stagionale-dei-children-in-val-daosta\/","title":{"rendered":"In 10 dalla FISI FVG all&#8217;apertura stagionale dei Children in Val d&#8217;Aosta"},"content":{"rendered":"<p>Ai nastri di partenza la stagione dei Children, che marted\u00ec 14 e mercoled\u00ec 15 dicembre gareggeranno a Pila nella prima edizione del<strong> Top 50 \u2013 PDH Cup. <\/strong><\/p>\n<p>Sulle nevi valdostane l\u2019<strong>opening di sci alpino per i Ragazzi e gli Alliev<\/strong>i; due giorni di gare che vedranno al cancelletto di partenza i migliori atleti del panorama nazionale, oltre ai coetanei di Francia, Svizzera, Cile, Spagna e Croazia.<\/p>\n<p>Sono 248 gli atleti iscritti, di cui 37 stranieri, pronti a sfidarsi in gigante e in slalom. Marted\u00ec 14 lo slalom Ragazzi in due manche e il gigante Allievi che si svolger\u00e0 su due manche. Mercoled\u00ec 15 programma invertito, con una sola differenza: il gigante Ragazzi sar\u00e0 su manche unica.<\/p>\n<p>Al via 10 Children degli sci club FISI FVG, in posa nella foto: da sinistra<strong> Martina Fragiacomo, Giulia Mizzau, Ginevra Quinz, Anna Carboni, Ginevra Preschern, Teresa Pascolat, Alvaro Del Pino Caballero, Andrea Stipcovich, Sebastian Birckner e Leonardo Ghignoni.<\/strong><\/p>\n","protected":false},"excerpt":{"rendered":"<p>Marted\u00ec 14 e mercoled\u00ec 15 dicembre gareggeranno a Pila nella prima edizione del Top 50 \u2013 PDH Cup<\/p>\n","protected":false},"author":4,"featured_media":82882,"comment_status":"closed","ping_status":"closed","sticky":false,"template":"","format":"standard","meta":{"_acf_changed":false,"footnotes":""},"categories":[10,15],"tags":[],"acf":[],"_links":{"self":[{"href":"https:\/\/comitati.fisi.org\/friuli-venezia-giulia\/wp-json\/wp\/v2\/posts\/82881"}],"collection":[{"href":"https:\/\/comitati.fisi.org\/friuli-venezia-giulia\/wp-json\/wp\/v2\/posts"}],"about":[{"href":"https:\/\/comitati.fisi.org\/friuli-venezia-giulia\/wp-json\/wp\/v2\/types\/post"}],"author":[{"embeddable":true,"href":"https:\/\/comitati.fisi.org\/friuli-venezia-giulia\/wp-json\/wp\/v2\/users\/4"}],"replies":[{"embeddable":true,"href":"https:\/\/comitati.fisi.org\/friuli-venezia-giulia\/wp-json\/wp\/v2\/comments?post=82881"}],"version-history":[{"count":0,"href":"https:\/\/comitati.fisi.org\/friuli-venezia-giulia\/wp-json\/wp\/v2\/posts\/82881\/revisions"}],"wp:featuredmedia":[{"embeddable":true,"href":"https:\/\/comitati.fisi.org\/friuli-venezia-giulia\/wp-json\/wp\/v2\/media\/82882"}],"wp:attachment":[{"href":"https:\/\/comitati.fisi.org\/friuli-venezia-giulia\/wp-json\/wp\/v2\/media?parent=82881"}],"wp:term":[{"taxonomy":"category","embeddable":true,"href":"https:\/\/comitati.fisi.org\/friuli-venezia-giulia\/wp-json\/wp\/v2\/categories?post=82881"},{"taxonomy":"post_tag","embeddable":true,"href":"https:\/\/comitati.fisi.org\/friuli-venezia-giulia\/wp-json\/wp\/v2\/tags?post=82881"}],"curies":[{"name":"wp","href":"https:\/\/api.w.org\/{rel}","templated":true}]}}