{"id":82851,"date":"2021-12-13T10:29:19","date_gmt":"2021-12-13T09:29:19","guid":{"rendered":"https:\/\/www.fisifvg.org\/?p=82851"},"modified":"2021-12-13T10:29:19","modified_gmt":"2021-12-13T09:29:19","slug":"aperte-le-iscrizioni-per-la-vertical-race-ravascletto-zoncolan","status":"publish","type":"post","link":"https:\/\/comitati.fisi.org\/friuli-venezia-giulia\/blog\/2021\/12\/13\/aperte-le-iscrizioni-per-la-vertical-race-ravascletto-zoncolan\/","title":{"rendered":"Aperte le iscrizioni per la Vertical Race Ravascletto-Zoncolan"},"content":{"rendered":"<p><em><strong>Riceviamo dall&#8217;US Aldo Moro e volentieri pubblichiamo.<\/strong><\/em><\/p>\n<p>E&#8217; fruibile il nuovo sito della\u00a0<b>VERTICAL RACE RAVASCLETTO-ZONCOLAN<\/b>, gara di scialpinismo organizzata dall\u2019Aldo Moro Paluzza, sul \u201ccanalone\u201d che da Ravascletto porta allo Zoncolan (area funivia), in programma sabato 22 gennaio e giunta alla sua 10a edizione. L&#8217;indirizzo \u00e8 <a href=\"http:\/\/www.verticalracezoncolan.it\/\" target=\"_blank\" rel=\"noopener\" data-saferedirecturl=\"https:\/\/www.google.com\/url?q=http:\/\/www.verticalracezoncolan.it&amp;source=gmail&amp;ust=1639461671954000&amp;usg=AOvVaw0nVlglanCnB-KHLWxZF2dJ\">www.verticalracezoncolan.it<\/a><u><\/u><u><\/u>.<br \/>\nSi tratta di un editing accattivante, moderno e di facile fruizione per tutti i supporti di consultazione: PC, tablet e cellulari.<br \/>\n<u><\/u><u><\/u>Il lancio del sito,\u00a0<b>APRE UFFICIALMENTE LE ISCRIZIONI<\/b> alla decima edizione del Vertical notturno.<br \/>\n<u><\/u><u><\/u>Come da tradizione la manifestazione \u00e8 aperta a TUTTI: ai tesserati F.I.S.I., agli appassionati dello sci non agonisti a cui \u00e8 riservata la gara OPEN e agli amanti del mondo delle CJASPOLE.<br \/>\n<u><\/u><u><\/u>Novit\u00e0 2022 sar\u00e0 la possibilit\u00e0 di gareggiare con i\u00a0<b>RAMPONCINI<\/b> con classifica dedicata.<br \/>\n<u><\/u><u><\/u>L&#8217;edizione 2022, su indicazione della F.I.S.I. Friuli Venezia Giulia, sar\u00e0 anche valida per l&#8217;<strong>assegnazione dei titoli regionali Vertical per tutte le categorie.<\/strong><br \/>\nAgli atleti F.I.S.I. \u00e8 riservata la partenza alle ore 19.00, mentre per tutte le altre categorie lo start \u00e8 fissato per le ore 19.03.<u><\/u><u><\/u><\/p>\n<p class=\"m_4525319736443316007MsoNoSpacing\">\n","protected":false},"excerpt":{"rendered":"<p>L&#8217;appuntamento con la gara organizzata dall&#8217;US Aldo Moro \u00e8 per sabato 22 gennaio<\/p>\n","protected":false},"author":4,"featured_media":55136,"comment_status":"closed","ping_status":"closed","sticky":false,"template":"","format":"standard","meta":{"_acf_changed":false,"footnotes":""},"categories":[10,19],"tags":[],"acf":[],"_links":{"self":[{"href":"https:\/\/comitati.fisi.org\/friuli-venezia-giulia\/wp-json\/wp\/v2\/posts\/82851"}],"collection":[{"href":"https:\/\/comitati.fisi.org\/friuli-venezia-giulia\/wp-json\/wp\/v2\/posts"}],"about":[{"href":"https:\/\/comitati.fisi.org\/friuli-venezia-giulia\/wp-json\/wp\/v2\/types\/post"}],"author":[{"embeddable":true,"href":"https:\/\/comitati.fisi.org\/friuli-venezia-giulia\/wp-json\/wp\/v2\/users\/4"}],"replies":[{"embeddable":true,"href":"https:\/\/comitati.fisi.org\/friuli-venezia-giulia\/wp-json\/wp\/v2\/comments?post=82851"}],"version-history":[{"count":0,"href":"https:\/\/comitati.fisi.org\/friuli-venezia-giulia\/wp-json\/wp\/v2\/posts\/82851\/revisions"}],"wp:featuredmedia":[{"embeddable":true,"href":"https:\/\/comitati.fisi.org\/friuli-venezia-giulia\/wp-json\/wp\/v2\/media\/55136"}],"wp:attachment":[{"href":"https:\/\/comitati.fisi.org\/friuli-venezia-giulia\/wp-json\/wp\/v2\/media?parent=82851"}],"wp:term":[{"taxonomy":"category","embeddable":true,"href":"https:\/\/comitati.fisi.org\/friuli-venezia-giulia\/wp-json\/wp\/v2\/categories?post=82851"},{"taxonomy":"post_tag","embeddable":true,"href":"https:\/\/comitati.fisi.org\/friuli-venezia-giulia\/wp-json\/wp\/v2\/tags?post=82851"}],"curies":[{"name":"wp","href":"https:\/\/api.w.org\/{rel}","templated":true}]}}