{"id":82678,"date":"2021-12-11T09:18:30","date_gmt":"2021-12-11T08:18:30","guid":{"rendered":"https:\/\/www.fisifvg.org\/?p=82678"},"modified":"2021-12-11T09:18:30","modified_gmt":"2021-12-11T08:18:30","slug":"litalia-di-vittozzi-fauner-tredicesima-nella-staffetta-del-biathlon","status":"publish","type":"post","link":"https:\/\/comitati.fisi.org\/friuli-venezia-giulia\/blog\/2021\/12\/11\/litalia-di-vittozzi-fauner-tredicesima-nella-staffetta-del-biathlon\/","title":{"rendered":"L&#8217;Italia di Vittozzi-Fauner tredicesima nella staffetta del biathlon"},"content":{"rendered":"<p>Tredicesimo posto per l&#8217;Italia nella staffetta 4&#215;6 km femminile di Coppa del Mondo di biathlon a Hochfilzen (Austria), che vedeva per la prima volta in gara Eleonora Fauner, schierata in terza frazione, mentre l&#8217;altra carabiniera di Sappada Lisa Vittozzi era al lancio. Completavano il quartetto Samuela Comola e Michela Carrara.<\/p>\n<p>Lisa ha ottenuto il primo pieno stagionale al poligono sparando alla grande e dando il cambio a Comola in testa assieme alla svedese Persson. Eleonora ha effettuato complessivamente 5 ricariche (2 nel primo poligono, 3 nel secondo), evitando comunque il giro di penalit\u00e0 e cambiando con Carrara in dodicesima posizione partendo dalla decima. Successo per la Svezia davanti a Russia e Francia; l&#8217;Italia chiude come detto tredicesima a 2&#8217;53&#8221;.<\/p>\n<p>Domenica alle 14.30 \u00e8 in programma la 10 km ad inseguimento, con Lisa Vittozzi che partir\u00e0 dal settimo posto ottenuto nella sprint di venerd\u00ec.<\/p>\n<p><a href=\"https:\/\/www.biathlonworld.com\/live?c=BT2122SWRLCP03&amp;u=BTHW4X6KM-------------FNL-000100--\">CLASSIFICA<\/a><\/p>\n<p>&nbsp;<\/p>\n","protected":false},"excerpt":{"rendered":"<p>Domenica \u00e8 in programma la 10 km ad inseguimento, con Lisa che partir\u00e0 dal settimo posto ottenuto nella sprint di venerd\u00ec<\/p>\n","protected":false},"author":4,"featured_media":82734,"comment_status":"closed","ping_status":"closed","sticky":false,"template":"","format":"standard","meta":{"_acf_changed":false,"footnotes":""},"categories":[13],"tags":[],"acf":[],"_links":{"self":[{"href":"https:\/\/comitati.fisi.org\/friuli-venezia-giulia\/wp-json\/wp\/v2\/posts\/82678"}],"collection":[{"href":"https:\/\/comitati.fisi.org\/friuli-venezia-giulia\/wp-json\/wp\/v2\/posts"}],"about":[{"href":"https:\/\/comitati.fisi.org\/friuli-venezia-giulia\/wp-json\/wp\/v2\/types\/post"}],"author":[{"embeddable":true,"href":"https:\/\/comitati.fisi.org\/friuli-venezia-giulia\/wp-json\/wp\/v2\/users\/4"}],"replies":[{"embeddable":true,"href":"https:\/\/comitati.fisi.org\/friuli-venezia-giulia\/wp-json\/wp\/v2\/comments?post=82678"}],"version-history":[{"count":0,"href":"https:\/\/comitati.fisi.org\/friuli-venezia-giulia\/wp-json\/wp\/v2\/posts\/82678\/revisions"}],"wp:featuredmedia":[{"embeddable":true,"href":"https:\/\/comitati.fisi.org\/friuli-venezia-giulia\/wp-json\/wp\/v2\/media\/82734"}],"wp:attachment":[{"href":"https:\/\/comitati.fisi.org\/friuli-venezia-giulia\/wp-json\/wp\/v2\/media?parent=82678"}],"wp:term":[{"taxonomy":"category","embeddable":true,"href":"https:\/\/comitati.fisi.org\/friuli-venezia-giulia\/wp-json\/wp\/v2\/categories?post=82678"},{"taxonomy":"post_tag","embeddable":true,"href":"https:\/\/comitati.fisi.org\/friuli-venezia-giulia\/wp-json\/wp\/v2\/tags?post=82678"}],"curies":[{"name":"wp","href":"https:\/\/api.w.org\/{rel}","templated":true}]}}