{"id":82653,"date":"2021-12-10T16:21:56","date_gmt":"2021-12-10T15:21:56","guid":{"rendered":"https:\/\/www.fisifvg.org\/?p=82653"},"modified":"2021-12-10T16:21:56","modified_gmt":"2021-12-10T15:21:56","slug":"andrea-craievich-al-via-delle-gare-di-coppa-europa-a-andalo","status":"publish","type":"post","link":"https:\/\/comitati.fisi.org\/friuli-venezia-giulia\/blog\/2021\/12\/10\/andrea-craievich-al-via-delle-gare-di-coppa-europa-a-andalo\/","title":{"rendered":"Andrea Craievich al via delle gare di Coppa Europa a Andalo"},"content":{"rendered":"<p>Cento atlete di 21 nazioni, con tante big al via. Si annuncia appassionante il doppio appuntamento di Coppa Europa femminile in programma sulle nevi della ski area Paganella, che sabato 11 e domenica 12 dicembre ospiter\u00e0 due gare di slalom gigante.<br \/>\nIl circuito continentale in rosa torna per la nona volta consecutiva ad Andalo, che si \u00e8 ritagliata uno spazio importante nel panorama dello sci internazionale. Per entrambe le giornate, lo start della prima manche \u00e8 fissato alle 9.30, con partenza della seconda alle 12.30.<br \/>\nTeatro di gara sar\u00e0 l\u2019impegnativo e tecnico pendio della pista Olimpionica 2, una delle pi\u00f9 severe del circuito, capace di mettere in risalto i veri valori in campo. Fu cos\u00ec nel 2020, quando in Paganella s\u2019impose la norvegese Mina F\u00fcrst-Holtmann, atleta gi\u00e0 capace di salire sul podio in Coppa del Mondo, mentre nel 2019 ci fu l\u2019acuto della sua connazionale Marte Monsen, che quest&#8217;anno torna ad Andalo per cercare un nuovo acuto, lei che \u00e8 il mese scorso ha centrato la prima top 10 della carriera nel massimo circuito internazionale, sesta nel parallelo di Lech.<br \/>\nTra chi \u00e8 gi\u00e0 riuscito a lasciare il segno in Paganella c\u2019\u00e8 anche la polacca Maryna Daniel-Gasienica, che sigl\u00f2 una doppietta nel 2018 e nelle due gare di domani e domenica sar\u00e0 tra le osservate speciali, non meno della francese Clara Direz, due volte seconda sulla Olimpionica 2 proprio nel 2018 e gi\u00e0 capace di vincere in Coppa del Mondo (nel parallelo del Sestriere del gennaio 2020).<br \/>\nSar\u00e0 folta e qualificata pure la pattuglia della Svizzera, guidata da Camille Rast (seconda ad Andalo nel 2020) e da Simone Wild (vittoriosa ad Andalo nel 2016), ma con possibilit\u00e0 di risultato pure con Andrea Ellenberger, con la giovane Selina Egloff e con Vanessa Kasper.<br \/>\nNon si pu\u00f2 che dire altrettanto delle slovene Tina Robnik e Neja Dvronik, che vantano ottimi risultati in Coppa del Mondo, senza dimenticare la giovane croata Zrinka Ljutic e, ovviamente, la sempre competitiva Austria, che avr\u00e0 pi\u00f9 di una carta da giocare, in primis con Franziska Gritsch, Sophia Waldauf e Nina Astner.<br \/>\nLa Germania, invece, sar\u00e0 guidata da Paulina Schlosser e da Jessica Hizlinger, quest&#8217;ultima gi\u00e0 a punti nei due slalom di Coppa del Mondo disputati a Levi, con un palmares in Coppa Europa di sei vittorie e quattordici podi, mentre la Svezia potr\u00e0 contare su tre ottime atlete quali Sara Rask, Hanna Aronsson Elfman e Hilma Loevblom.<br \/>\nLa prima e unica gara di slalom gigante di Coppa Europa fin qui disputata in stagione ha premiato la classe 1999 del Liechtenstein Charlotte Lingg, che ha trovato l\u2019acuto vincente Mayerhofen (davanti all\u2019austriaca Gritsch e alla svizzera Zelger), ora chiamata alla riconferma ad Andalo.<br \/>\nNon pu\u00f2 mancare un occhio di riguardo, chiaramente, per la squadra di casa, l\u2019Italia, guidata da Roberta Midali, impegnata a pi\u00f9 riprese in Coppa del Mondo in avvio di stagione. Ci saranno poi Ilaria Ghisalberti (ottava e migliore delle azzurre nel gigante di Mayerhofen), Valentina Cillara Rossi (sul podio ad Andalo nel 2019), Francesca Fanti, Elisa Platino, Vivien Insam e Alessia Guerinoni, le ultime tre tutte a punti nel primo gigante di Coppa Europa della stagione. Il team italiano schierer\u00e0 poi Carole Agnelli, <strong>Andrea Craievich (Sci Club 70,<em> nella foto)<\/em>,<\/strong> Laura Steinmair, Sara Allemand, Annette Belfrond, Melissa Astegiano, Carlotta Saracco, Giulia Tintorri, Laura Rota, Martina Marangon, Vicky Bernardi, Carlotta De Leonardis e Flavia Giordano.<\/p>\n","protected":false},"excerpt":{"rendered":"<p>La 21enne dello Sci Club 70 parteciper\u00e0 ai due giganti<\/p>\n","protected":false},"author":4,"featured_media":80891,"comment_status":"closed","ping_status":"closed","sticky":false,"template":"","format":"standard","meta":{"_acf_changed":false,"footnotes":""},"categories":[15],"tags":[],"acf":[],"_links":{"self":[{"href":"https:\/\/comitati.fisi.org\/friuli-venezia-giulia\/wp-json\/wp\/v2\/posts\/82653"}],"collection":[{"href":"https:\/\/comitati.fisi.org\/friuli-venezia-giulia\/wp-json\/wp\/v2\/posts"}],"about":[{"href":"https:\/\/comitati.fisi.org\/friuli-venezia-giulia\/wp-json\/wp\/v2\/types\/post"}],"author":[{"embeddable":true,"href":"https:\/\/comitati.fisi.org\/friuli-venezia-giulia\/wp-json\/wp\/v2\/users\/4"}],"replies":[{"embeddable":true,"href":"https:\/\/comitati.fisi.org\/friuli-venezia-giulia\/wp-json\/wp\/v2\/comments?post=82653"}],"version-history":[{"count":0,"href":"https:\/\/comitati.fisi.org\/friuli-venezia-giulia\/wp-json\/wp\/v2\/posts\/82653\/revisions"}],"wp:featuredmedia":[{"embeddable":true,"href":"https:\/\/comitati.fisi.org\/friuli-venezia-giulia\/wp-json\/wp\/v2\/media\/80891"}],"wp:attachment":[{"href":"https:\/\/comitati.fisi.org\/friuli-venezia-giulia\/wp-json\/wp\/v2\/media?parent=82653"}],"wp:term":[{"taxonomy":"category","embeddable":true,"href":"https:\/\/comitati.fisi.org\/friuli-venezia-giulia\/wp-json\/wp\/v2\/categories?post=82653"},{"taxonomy":"post_tag","embeddable":true,"href":"https:\/\/comitati.fisi.org\/friuli-venezia-giulia\/wp-json\/wp\/v2\/tags?post=82653"}],"curies":[{"name":"wp","href":"https:\/\/api.w.org\/{rel}","templated":true}]}}