{"id":82646,"date":"2021-12-10T15:37:01","date_gmt":"2021-12-10T14:37:01","guid":{"rendered":"https:\/\/www.fisifvg.org\/?p=82646"},"modified":"2021-12-10T15:37:01","modified_gmt":"2021-12-10T14:37:01","slug":"la-miglior-lisa-vittozzi-della-stagione-e-settima-nella-sprint-di-hochfilzen","status":"publish","type":"post","link":"https:\/\/comitati.fisi.org\/friuli-venezia-giulia\/blog\/2021\/12\/10\/la-miglior-lisa-vittozzi-della-stagione-e-settima-nella-sprint-di-hochfilzen\/","title":{"rendered":"La miglior Lisa Vittozzi della stagione \u00e8 settima nella sprint di Hochfilzen"},"content":{"rendered":"<p>La miglior Lisa Vittozzi di questo inizio stagione si piazza settima nella 7.5 km sprint che ha aperto la tappa di Coppa del Mondo di biathlon a Hochfilzen, in Austria.<\/p>\n<p>La sappadina \u00e8 stata perfetta al primo poligono, mentre ha sbagliato il secondo colpo in piedi, il tutto sempre in gran velocit\u00e0. Anche sugli sci la prestazione \u00e8 stata buona.<\/p>\n<p>Al traguardo Lisa chiude a 1&#8217;07&#8221; dalla vincitrice, la scatenata bielorussa Sola, perfetta al tiro e velocissima sugli sci. Seconda a 46&#8243;8 la francese Braisaz, terza a 50&#8243; la norvegese Roeiseland. Per soli 2 decimi la nostra campionessa non ha ottenuto il sesto posto che l&#8217;avrebbe portata alla cerimonia di premiazione.<\/p>\n<p>Domenica nella 10 km ad inseguimento Lisa partir\u00e0 a 17 secondi dal podio.<\/p>\n<p>Oggi anche l&#8217;esordio in Coppa del Mondo dell&#8217;altra carabiniera sappadina Eleonora Fauner, che con un errore a terra e uno in piedi \u00e8 giunta 70a a 2&#8217;58&#8221;, non riuscendo quindi a qualificarsi per l&#8217;inseguimento, con il 60\u00b0 e ultimo posto utile lontano 13 secondi.<\/p>\n<p>Sabato alle 14.15 \u00e8 in programma la staffetta, con entrambe le sappadine al via.<\/p>\n<p><a href=\"https:\/\/www.biathlonworld.com\/live?c=BT2122JIBUCP01&amp;u=BTHW12.5KMISJ---------FNL-000100--\">CLASSIFICA<\/a><\/p>\n","protected":false},"excerpt":{"rendered":"<p>Oggi l&#8217;esordio in Coppa del Mondo dell&#8217;altra carabiniera sappadina Eleonora Fauner<\/p>\n","protected":false},"author":4,"featured_media":82391,"comment_status":"closed","ping_status":"closed","sticky":false,"template":"","format":"standard","meta":{"_acf_changed":false,"footnotes":""},"categories":[13,10],"tags":[],"acf":[],"_links":{"self":[{"href":"https:\/\/comitati.fisi.org\/friuli-venezia-giulia\/wp-json\/wp\/v2\/posts\/82646"}],"collection":[{"href":"https:\/\/comitati.fisi.org\/friuli-venezia-giulia\/wp-json\/wp\/v2\/posts"}],"about":[{"href":"https:\/\/comitati.fisi.org\/friuli-venezia-giulia\/wp-json\/wp\/v2\/types\/post"}],"author":[{"embeddable":true,"href":"https:\/\/comitati.fisi.org\/friuli-venezia-giulia\/wp-json\/wp\/v2\/users\/4"}],"replies":[{"embeddable":true,"href":"https:\/\/comitati.fisi.org\/friuli-venezia-giulia\/wp-json\/wp\/v2\/comments?post=82646"}],"version-history":[{"count":0,"href":"https:\/\/comitati.fisi.org\/friuli-venezia-giulia\/wp-json\/wp\/v2\/posts\/82646\/revisions"}],"wp:featuredmedia":[{"embeddable":true,"href":"https:\/\/comitati.fisi.org\/friuli-venezia-giulia\/wp-json\/wp\/v2\/media\/82391"}],"wp:attachment":[{"href":"https:\/\/comitati.fisi.org\/friuli-venezia-giulia\/wp-json\/wp\/v2\/media?parent=82646"}],"wp:term":[{"taxonomy":"category","embeddable":true,"href":"https:\/\/comitati.fisi.org\/friuli-venezia-giulia\/wp-json\/wp\/v2\/categories?post=82646"},{"taxonomy":"post_tag","embeddable":true,"href":"https:\/\/comitati.fisi.org\/friuli-venezia-giulia\/wp-json\/wp\/v2\/tags?post=82646"}],"curies":[{"name":"wp","href":"https:\/\/api.w.org\/{rel}","templated":true}]}}