{"id":82640,"date":"2021-12-10T15:02:25","date_gmt":"2021-12-10T14:02:25","guid":{"rendered":"https:\/\/www.fisifvg.org\/?p=82640"},"modified":"2021-12-10T15:02:25","modified_gmt":"2021-12-10T14:02:25","slug":"spettacolare-sara-scattolo-trionfo-in-ibu-cup-junior","status":"publish","type":"post","link":"https:\/\/comitati.fisi.org\/friuli-venezia-giulia\/blog\/2021\/12\/10\/spettacolare-sara-scattolo-trionfo-in-ibu-cup-junior\/","title":{"rendered":"Spettacolare Sara Scattolo, trionfo in Ibu Cup Junior!"},"content":{"rendered":"<p>Si apre come meglio non avrebbe potuto per il movimento FISI FVG la stagione giovanile.<\/p>\n<p><a href=\"http:\/\/comitati.fisi.org\/friuli-venezia-giulia\/wp-content\/uploads\/sites\/34\/2021\/12\/Podio_Women.jpg\"><img loading=\"lazy\" decoding=\"async\" class=\"alignleft wp-image-82658\" src=\"http:\/\/comitati.fisi.org\/friuli-venezia-giulia\/wp-content\/uploads\/sites\/34\/2021\/12\/Podio_Women-400x400.jpg\" alt=\"\" width=\"400\" height=\"280\" \/><\/a><\/p>\n<p>Sara Scattolo ha vinto in Val Martello la 12.5 km individuale femminile di Ibu Cup Junior, il massimo circuito giovanile del biathlon.<\/p>\n<p>La diciottenne ora al Cs Esercito dopo essere cresciuta nella Monte Coglians, e tutt&#8217;ora appartenente alla squadra FISI FVG, ha letteralmente dominato la gara grazie ad una gran prova al poligono (2 errori su 20) e sugli sci (terzo tempo). Non \u00e8 quindi un caso se la seconda, la tedesca Mueller, sia lontana oltre il minuto, la quinta classifica oltre i due.<\/p>\n<p><a href=\"http:\/\/comitati.fisi.org\/friuli-venezia-giulia\/wp-content\/uploads\/sites\/34\/2021\/12\/Italia.jpg\"><img loading=\"lazy\" decoding=\"async\" class=\"alignright wp-image-82659\" src=\"http:\/\/comitati.fisi.org\/friuli-venezia-giulia\/wp-content\/uploads\/sites\/34\/2021\/12\/Italia-400x400.jpg\" alt=\"\" width=\"400\" height=\"276\" \/><\/a>Un grande risultato per la ragazza di Forni Avoltri, capace nella passata stagione di portare a casa una medaglia iridata di categoria. &#8220;La gara \u00e8 andata bene, sono molto contenta anche se sugli sci ero decisamente stanca &#8211; dice Sara -. Al tiro \u00e8 andata bene, speriamo di continuare cos\u00ec!\u201d.<\/p>\n<p>Brava anche la sorella minore Ilaria Scattolo, undicesima con tre errori al tiro a 3&#8217;15&#8221; da Sara: \u201cLa gara \u00e8 stata bella dura, sono soddisfatta del tiro, mentre sugli sci \u00e8 andata abbastanza bene, anche se forse sono partita un po\u2019 troppo forte&#8221;, dice Scattolo Jr.<\/p>\n<p>Positiva pure la prestazione di Astrid Pl\u00f6sch, ventinovesima a 5&#8217;40&#8221; con 4 errori, mentre Serena Del Fabbro ne manca 14 su 20 e chiude oltre il 60\u00b0 posto, consolandosi con il nono tempo sugli sci.<\/p>\n<p><a href=\"https:\/\/www.biathlonworld.com\/live?c=BT2122JIBUCP01&amp;u=BTHW12.5KMISJ---------FNL-000100--\">CLASSIFICA 12.5 KM FEMMINILE<\/a><\/p>\n<p><strong><em>(foto Newspower)<\/em><\/strong><\/p>\n","protected":false},"excerpt":{"rendered":"<p>Un grande risultato per la ragazza di Forni Avoltri, capace nella passata stagione di portare a casa una medaglia iridata di categoria<\/p>\n","protected":false},"author":4,"featured_media":82655,"comment_status":"closed","ping_status":"closed","sticky":false,"template":"","format":"standard","meta":{"_acf_changed":false,"footnotes":""},"categories":[13,10],"tags":[],"acf":[],"_links":{"self":[{"href":"https:\/\/comitati.fisi.org\/friuli-venezia-giulia\/wp-json\/wp\/v2\/posts\/82640"}],"collection":[{"href":"https:\/\/comitati.fisi.org\/friuli-venezia-giulia\/wp-json\/wp\/v2\/posts"}],"about":[{"href":"https:\/\/comitati.fisi.org\/friuli-venezia-giulia\/wp-json\/wp\/v2\/types\/post"}],"author":[{"embeddable":true,"href":"https:\/\/comitati.fisi.org\/friuli-venezia-giulia\/wp-json\/wp\/v2\/users\/4"}],"replies":[{"embeddable":true,"href":"https:\/\/comitati.fisi.org\/friuli-venezia-giulia\/wp-json\/wp\/v2\/comments?post=82640"}],"version-history":[{"count":0,"href":"https:\/\/comitati.fisi.org\/friuli-venezia-giulia\/wp-json\/wp\/v2\/posts\/82640\/revisions"}],"wp:featuredmedia":[{"embeddable":true,"href":"https:\/\/comitati.fisi.org\/friuli-venezia-giulia\/wp-json\/wp\/v2\/media\/82655"}],"wp:attachment":[{"href":"https:\/\/comitati.fisi.org\/friuli-venezia-giulia\/wp-json\/wp\/v2\/media?parent=82640"}],"wp:term":[{"taxonomy":"category","embeddable":true,"href":"https:\/\/comitati.fisi.org\/friuli-venezia-giulia\/wp-json\/wp\/v2\/categories?post=82640"},{"taxonomy":"post_tag","embeddable":true,"href":"https:\/\/comitati.fisi.org\/friuli-venezia-giulia\/wp-json\/wp\/v2\/tags?post=82640"}],"curies":[{"name":"wp","href":"https:\/\/api.w.org\/{rel}","templated":true}]}}