{"id":82629,"date":"2021-12-10T11:25:18","date_gmt":"2021-12-10T10:25:18","guid":{"rendered":"https:\/\/www.fisifvg.org\/?p=82629"},"modified":"2021-12-10T11:25:18","modified_gmt":"2021-12-10T10:25:18","slug":"la-pista-di-sci-nordico-di-forni-di-sopra-apre-per-una-lunghezza-di-10-km","status":"publish","type":"post","link":"https:\/\/comitati.fisi.org\/friuli-venezia-giulia\/blog\/2021\/12\/10\/la-pista-di-sci-nordico-di-forni-di-sopra-apre-per-una-lunghezza-di-10-km\/","title":{"rendered":"La pista di sci nordico di Forni di Sopra apre per una lunghezza di 10 km"},"content":{"rendered":"<p><em><strong>Riceviamo dalla Societ\u00e0 Sportiva Fornese e volentieri pubblichiamo.<br \/>\n<\/strong><\/em><br \/>\nGrazie alle abbondanti nevicate dei giorni scorsi, la pista di sci nordico di Forni di Sopra sar\u00e0 aperta da sabato 11 dicembre per una lunghezza di 10 km.<\/p>\n<p>Lo spessore della neve caduta \u00e8 di 40 cm a valle e 80 cm sul Varmost, che si somma alla neve artificiale &#8220;sparata&#8221; nei giorni scorsi. ll tracciato della pista di sci nordico si sviluppa lungo il <strong>fiume Tagliamento,<\/strong>\u00a0la cui sorgente \u00e9 situata pochi chilometri pi\u00f9 a monte. Una caratteristica molto apprezzata dell&#8217;anello di fondo \u00e8 quella di offrire\u00a0<strong>percorsi adatti a tutti i tipi di sciatori<\/strong>, sia amatoriali che sportivi avanzati, grazie alle varianti agonistiche facoltative ben articolate lungo il tracciato. Una buona parte della pista \u00e8 esposta al sole per tutta la mattinata, questo rende pi\u00f9 facile e divertente sciare anche in condizioni di rigidit\u00e0 atmosferica. L&#8217;accesso alla pista si trova presso il Centro Fondo &#8220;Tagliamento&#8221; in fondo alle seggiovie del Varmost. Adiacente alla pista si trova il noleggio sci con tutte le informazioni per corsi e lezioni impartite dai maestri della\u00a0<strong><a href=\"https:\/\/www.us6.list-manage.com\/track\/click?u=240c39162ac17ef7b98c9a0ed&amp;id=547d3f4610&amp;e=f2a79ba2a1\" target=\"_blank\" rel=\"noopener\" data-saferedirecturl=\"https:\/\/www.google.com\/url?q=https:\/\/www.us6.list-manage.com\/track\/click?u%3D240c39162ac17ef7b98c9a0ed%26id%3D547d3f4610%26e%3Df2a79ba2a1&amp;source=gmail&amp;ust=1639217385730000&amp;usg=AOvVaw3D2vLfs2wlzk_Ju0T1iYQZ\">Scuola Italiana Sci di Forni di Sopra<\/a>.<\/strong><\/p>\n<p><strong>Dalla prossima settimana sar\u00e0 possibile anche sciare in notturna sull&#8217;anello illuminato nelle giornate di mercoled\u00ec e venerd\u00ec dalle ore 17 alle 21.<\/strong><\/p>\n<p>Le regole di accesso sono esposte presso la zona di partenza, si raccomanda il massimo rispetto del distanziamento interpersonale.<\/p>\n<p>Informazioni sui corsi ed attivit\u00e0 di animazione sulla pista di sci nordico al numero 0433-886767 (Infopoint PromoTurismo FVG).<\/p>\n<div class=\"x-resp-embed x-is-video x-is-youtube\"><iframe loading=\"lazy\" title=\"PISTA SCI NORDICO FORNI DI SOPRA, Dolomiti Friulane\" width=\"500\" height=\"281\" src=\"https:\/\/www.youtube.com\/embed\/FYkOwNzYE_w?feature=oembed\" frameborder=\"0\" allow=\"accelerometer; autoplay; clipboard-write; encrypted-media; gyroscope; picture-in-picture; web-share\" referrerpolicy=\"strict-origin-when-cross-origin\" allowfullscreen><\/iframe><\/div>\n","protected":false},"excerpt":{"rendered":"<p>A partire da sabato 11 dicembre<\/p>\n","protected":false},"author":4,"featured_media":82631,"comment_status":"closed","ping_status":"closed","sticky":false,"template":"","format":"standard","meta":{"_acf_changed":false,"footnotes":""},"categories":[10,11],"tags":[],"acf":[],"_links":{"self":[{"href":"https:\/\/comitati.fisi.org\/friuli-venezia-giulia\/wp-json\/wp\/v2\/posts\/82629"}],"collection":[{"href":"https:\/\/comitati.fisi.org\/friuli-venezia-giulia\/wp-json\/wp\/v2\/posts"}],"about":[{"href":"https:\/\/comitati.fisi.org\/friuli-venezia-giulia\/wp-json\/wp\/v2\/types\/post"}],"author":[{"embeddable":true,"href":"https:\/\/comitati.fisi.org\/friuli-venezia-giulia\/wp-json\/wp\/v2\/users\/4"}],"replies":[{"embeddable":true,"href":"https:\/\/comitati.fisi.org\/friuli-venezia-giulia\/wp-json\/wp\/v2\/comments?post=82629"}],"version-history":[{"count":0,"href":"https:\/\/comitati.fisi.org\/friuli-venezia-giulia\/wp-json\/wp\/v2\/posts\/82629\/revisions"}],"wp:featuredmedia":[{"embeddable":true,"href":"https:\/\/comitati.fisi.org\/friuli-venezia-giulia\/wp-json\/wp\/v2\/media\/82631"}],"wp:attachment":[{"href":"https:\/\/comitati.fisi.org\/friuli-venezia-giulia\/wp-json\/wp\/v2\/media?parent=82629"}],"wp:term":[{"taxonomy":"category","embeddable":true,"href":"https:\/\/comitati.fisi.org\/friuli-venezia-giulia\/wp-json\/wp\/v2\/categories?post=82629"},{"taxonomy":"post_tag","embeddable":true,"href":"https:\/\/comitati.fisi.org\/friuli-venezia-giulia\/wp-json\/wp\/v2\/tags?post=82629"}],"curies":[{"name":"wp","href":"https:\/\/api.w.org\/{rel}","templated":true}]}}