{"id":82620,"date":"2021-12-10T16:05:08","date_gmt":"2021-12-10T15:05:08","guid":{"rendered":"https:\/\/www.fisifvg.org\/?p=82620"},"modified":"2021-12-10T16:05:08","modified_gmt":"2021-12-10T15:05:08","slug":"forni-avoltri-inaugura-la-coppa-italia-21-22-di-biathlon","status":"publish","type":"post","link":"https:\/\/comitati.fisi.org\/friuli-venezia-giulia\/blog\/2021\/12\/10\/forni-avoltri-inaugura-la-coppa-italia-21-22-di-biathlon\/","title":{"rendered":"Le start list della sprint di Coppa Italia di biathlon a Forni Avoltri"},"content":{"rendered":"<p>Sar\u00e0 la Carnia Arena International Biathlon Centre di Forni Avoltri ad inaugurare la stagione del circuito di Coppa Italia di biathlon 2021-22. Il Centro Federale situato in localit\u00e0 Piani di Luzza, ospiter\u00e0 infatti, la prima tappa del circuito nazionale che vedr\u00e0 al via al fianco degli atleti italiani anche un cospicuo numero di atleti stranieri provenienti da Germania e persino dall&#8217; Australia.<\/p>\n<p>La manifestazione organizzata come di consueto dall&#8217; ASD Monte Coglians in collaborazione con lo Sci Cai Trieste ASD e finanziata da PromoTurismoFVG, sar\u00e0 inoltre un importante banco di prova per gli organizzatori in vista degli EYOF 2023 le cui gare di biathlon si svolgeranno proprio a Forni Avoltri. Nell&#8217;occasione il Comitato Organizzatore ha cercato di riavvicinare al biathlon un gran numero di volontari che saranno fondamentali proprio per la buona riuscita del Festival Olimpico della Giovent\u00f9 Europea.<\/p>\n<p>Il programma di gare prevede nella giornata di sabato 11 dicembre la disputa delle prove sprint maschili e femminili valide per le categorie senior, junior e giovani (dalle 9.30) e aspiranti (dalle 12), mentre nella mattinata di domenica 12 dicembre le stesse categorie si sfideranno nell&#8217; inseguimento.<\/p>\n<p>Gli atleti potranno prendere confidenza col tracciato di gara e col nuovo poligono gi\u00e0 venerd\u00ec 10 dicembre quando la Carnia Arena aprir\u00e0 agli allenamenti ufficiali.<\/p>\n<p>In ambito agonistico c&#8217;\u00e8 grande attesa per vedere al via alcuni degli annunciati protagonisti, come l&#8217;altoatesina Federica Sanfilippo che proprio in Carnia cercher\u00e0 di rilanciarsi per cercare di guadagnarsi il posto all&#8217;interno della squadra azzurra di Coppa del Mondo. Al maschile occhi puntati sui regionali Daniele Fauner reduce dalle prime gare di IBU Cup della stagione, e sull&#8217;atleta di casa Nicola Romanin, i quali dovranno confrontarsi con gli altrettanto favoriti Saverio Zini, Simon Leitgeb e Cedric Christille. <a href=\"https:\/\/www.fisifvg.org\/2021\/12\/06\/in-13-dalla-fisi-fvg-alla-coppa-italia-di-biathlon-di-forni-avoltri\/\">Al via anche la squadra FISI FVG<\/a>.<\/p>\n<p>L&#8217;intera manifestazione si svolger\u00e0 a porte chiuse in ottemperanza alle norme previste in materia di Covid-19 dai protocolli FISI.<\/p>\n<p><a href=\"http:\/\/comitati.fisi.org\/friuli-venezia-giulia\/wp-content\/uploads\/sites\/34\/2021\/12\/Ordine-di-partenza-Sen_Jun_Gio-_M_F.pdf\">Start list Senior Junior Giovani<\/a><br \/>\n<a href=\"http:\/\/comitati.fisi.org\/friuli-venezia-giulia\/wp-content\/uploads\/sites\/34\/2021\/12\/Ordine-di-partenza-Asp_M_F.pdf\">Start list Aspiranti<\/a><br \/>\n<a href=\"http:\/\/comitati.fisi.org\/friuli-venezia-giulia\/wp-content\/uploads\/sites\/34\/2021\/12\/Info-sprint-x-sito-fisifvg.pdf\">Informazioni sprint<\/a><\/p>\n","protected":false},"excerpt":{"rendered":"<p>Appuntamento sabato 11 per la prima gara alla Carnia Arena<\/p>\n","protected":false},"author":4,"featured_media":82623,"comment_status":"closed","ping_status":"closed","sticky":false,"template":"","format":"standard","meta":{"_acf_changed":false,"footnotes":""},"categories":[13,10],"tags":[],"acf":[],"_links":{"self":[{"href":"https:\/\/comitati.fisi.org\/friuli-venezia-giulia\/wp-json\/wp\/v2\/posts\/82620"}],"collection":[{"href":"https:\/\/comitati.fisi.org\/friuli-venezia-giulia\/wp-json\/wp\/v2\/posts"}],"about":[{"href":"https:\/\/comitati.fisi.org\/friuli-venezia-giulia\/wp-json\/wp\/v2\/types\/post"}],"author":[{"embeddable":true,"href":"https:\/\/comitati.fisi.org\/friuli-venezia-giulia\/wp-json\/wp\/v2\/users\/4"}],"replies":[{"embeddable":true,"href":"https:\/\/comitati.fisi.org\/friuli-venezia-giulia\/wp-json\/wp\/v2\/comments?post=82620"}],"version-history":[{"count":0,"href":"https:\/\/comitati.fisi.org\/friuli-venezia-giulia\/wp-json\/wp\/v2\/posts\/82620\/revisions"}],"wp:featuredmedia":[{"embeddable":true,"href":"https:\/\/comitati.fisi.org\/friuli-venezia-giulia\/wp-json\/wp\/v2\/media\/82623"}],"wp:attachment":[{"href":"https:\/\/comitati.fisi.org\/friuli-venezia-giulia\/wp-json\/wp\/v2\/media?parent=82620"}],"wp:term":[{"taxonomy":"category","embeddable":true,"href":"https:\/\/comitati.fisi.org\/friuli-venezia-giulia\/wp-json\/wp\/v2\/categories?post=82620"},{"taxonomy":"post_tag","embeddable":true,"href":"https:\/\/comitati.fisi.org\/friuli-venezia-giulia\/wp-json\/wp\/v2\/tags?post=82620"}],"curies":[{"name":"wp","href":"https:\/\/api.w.org\/{rel}","templated":true}]}}