{"id":82616,"date":"2021-12-09T15:28:53","date_gmt":"2021-12-09T14:28:53","guid":{"rendered":"https:\/\/www.fisifvg.org\/?p=82616"},"modified":"2021-12-09T15:28:53","modified_gmt":"2021-12-09T14:28:53","slug":"i-cinque-biathleti-azzurri-fvg-pronti-per-la-ibu-cup-in-val-martello","status":"publish","type":"post","link":"https:\/\/comitati.fisi.org\/friuli-venezia-giulia\/blog\/2021\/12\/09\/i-cinque-biathleti-azzurri-fvg-pronti-per-la-ibu-cup-in-val-martello\/","title":{"rendered":"I cinque biathleti azzurri FVG pronti per la Ibu Cup in Val Martello"},"content":{"rendered":"<p>Fervono i preparativi per il primo appuntamento di IBU Junior Cup di biathlon in Val Martello, fissato per venerd\u00ec 10 e domenica 12 dicembre. Con la neve copiosa anche in queste ultime ore, sar\u00e0 un evento davvero con i fiocchi. L\u2019esperta organizzazione dell\u2019ASV Martello (presidente Martin Stricker), col comitato guidato da Georg Altst\u00e4tter, \u00e8 pronta ad ospitare circa 300 atleti provenienti da ben 34 nazioni che si sfideranno nel Biathlon Zentrum in localit\u00e0 Grogg, nella vallata altoatesina.<\/p>\n<div id=\"attachment_76154\" style=\"width: 410px\" class=\"wp-caption alignright\"><a href=\"https:\/\/www.fisifvg.org\/wp-content\/uploads\/2021\/02\/BIATHLON-2021-Fabio-Piller-Cottrer.jpeg\"><img loading=\"lazy\" decoding=\"async\" aria-describedby=\"caption-attachment-76154\" class=\"size-thumbnail wp-image-76154\" src=\"https:\/\/www.fisifvg.org\/wp-content\/uploads\/2021\/02\/BIATHLON-2021-Fabio-Piller-Cottrer-400x400.jpeg\" alt=\"\" width=\"400\" height=\"400\" \/><\/a><p id=\"caption-attachment-76154\" class=\"wp-caption-text\">Fabio Piller Cottrer<\/p><\/div>\n<p>Venerd\u00ec 10 spazio alle gare individuali di 15 km maschile e 12,5 km femminile, pausa di un giorno nella giornata di sabato, poi domenica toccher\u00e0 alle staffette 4&#215;7,5 maschile e 4&#215;6 femminile. La squadra italiana arriva da un periodo di allenamento svoltosi proprio a Martello sotto il controllo dell\u2019allenatrice Samantha Plafoni, responsabile FISI del gruppo Junior, e di Karin Oberhofer, coordinatrice dell\u2019attivit\u00e0 dei comitati regionali. Tra i favoriti spicca il nome di Elia Zeni (FFOO), il quale commenta a proposito del raduno nazionale: \u201cLa preparazione in Val Martello \u00e8 andata molto bene, abbiamo lavorato molto e alla fine ero un po\u2019 stanco, per\u00f2, tra la pista molto bella e l\u2019ambiente molto piacevole che c&#8217;\u00e8 in squadra, \u00e8 stato un bel raduno\u201d. Anche Fabio Piller Cottrer (CS Carabinieri) si dice soddisfatto del raduno: \u201cLa preparazione in Val Martello dell\u2019ultimo raduno \u00e8 andata molto bene, abbiamo lavorato al meglio per preparare le prossime gare, la pista mi \u00e8 sempre piaciuta e ho anche un buon feeling con il poligono, quindi spero di fare del mio meglio\u201d. Entrambi gli atleti affermano di avere come obiettivo stagionale i Mondiali Junior che si svolgeranno tra la fine di febbraio e l\u2019inizio di marzo a Soldier Hollow (USA).<br \/>\nPu\u00f2 raccogliere un buon risultato Gaia Brunetto (CS Esercito), in ottima forma: \u201cMi sento bene, abbiamo svolto un buon lavoro sia quest\u2019estate che in questi ultimi mesi. Con gli allenatori Franz e Pietro abbiamo insistito tanto sulla tecnica per la parte organica, mentre con gli allenatori del tiro ci siamo concentrati sui dettagli che possono fare la differenza\u201d. Aggiunge poi che ci saranno da tenere d\u2019occhio le atlete straniere: \u201cGermania, Austria, Slovenia e Svizzera sono le nazioni con le atlete pi\u00f9 forti\u201d.<br \/>\nNell\u2019elenco iscritti figurano, dunque, gli azzurri Elia Zeni (GS Fiamme Oro),<strong> Fabio Piller Cottrer<\/strong> (CS Carabinieri), Marco Barale (GS Fiamme Oro), Nicol\u00f2 Betemps (GS Fiamme Oro), Stefan Navillod (CS Carabinieri), Thomas Daziano (GS Fiamme Oro) e Felix Ratschiller (CS Carabinieri). Al femminile<strong> Sara Scattolo (<\/strong>CS Esercito), <strong>Ilaria Scattolo<\/strong> (CS Esercito), Gaia Brunetto (CS Esercito), Beatrice Trabucchi (CS Esercito), Fabiana Carpella (GS Fiamme Oro), <strong>Serena Del Fabbro<\/strong> (GS Fiamme Gialle) e<strong> Astrid Pl\u00f6sch<\/strong> (CS Esercito).<br \/>\nMa non \u00e8 finita qui, per gli organizzatori di Martello ci sar\u00e0 poi il secondo impegno, dal 15 al 18 dicembre sempre con la IBU Junior Cup.<\/p>\n<p><em><strong>(nella foto di copertina le quattro ragazze della nostra regione: da sinistra Astrid Pl\u00f6sch, Sara Scattolo, Serena Del Fabbro e Ilaria Scattolo)<\/strong><\/em><\/p>\n","protected":false},"excerpt":{"rendered":"<p>Venerd\u00ec 10 sono in programma le prove individuali, domenica 12 le staffette<\/p>\n","protected":false},"author":4,"featured_media":82613,"comment_status":"closed","ping_status":"closed","sticky":false,"template":"","format":"standard","meta":{"_acf_changed":false,"footnotes":""},"categories":[13,10],"tags":[],"acf":[],"_links":{"self":[{"href":"https:\/\/comitati.fisi.org\/friuli-venezia-giulia\/wp-json\/wp\/v2\/posts\/82616"}],"collection":[{"href":"https:\/\/comitati.fisi.org\/friuli-venezia-giulia\/wp-json\/wp\/v2\/posts"}],"about":[{"href":"https:\/\/comitati.fisi.org\/friuli-venezia-giulia\/wp-json\/wp\/v2\/types\/post"}],"author":[{"embeddable":true,"href":"https:\/\/comitati.fisi.org\/friuli-venezia-giulia\/wp-json\/wp\/v2\/users\/4"}],"replies":[{"embeddable":true,"href":"https:\/\/comitati.fisi.org\/friuli-venezia-giulia\/wp-json\/wp\/v2\/comments?post=82616"}],"version-history":[{"count":0,"href":"https:\/\/comitati.fisi.org\/friuli-venezia-giulia\/wp-json\/wp\/v2\/posts\/82616\/revisions"}],"wp:featuredmedia":[{"embeddable":true,"href":"https:\/\/comitati.fisi.org\/friuli-venezia-giulia\/wp-json\/wp\/v2\/media\/82613"}],"wp:attachment":[{"href":"https:\/\/comitati.fisi.org\/friuli-venezia-giulia\/wp-json\/wp\/v2\/media?parent=82616"}],"wp:term":[{"taxonomy":"category","embeddable":true,"href":"https:\/\/comitati.fisi.org\/friuli-venezia-giulia\/wp-json\/wp\/v2\/categories?post=82616"},{"taxonomy":"post_tag","embeddable":true,"href":"https:\/\/comitati.fisi.org\/friuli-venezia-giulia\/wp-json\/wp\/v2\/tags?post=82616"}],"curies":[{"name":"wp","href":"https:\/\/api.w.org\/{rel}","templated":true}]}}