{"id":82562,"date":"2021-12-05T14:03:43","date_gmt":"2021-12-05T13:03:43","guid":{"rendered":"https:\/\/www.fisifvg.org\/?p=82562"},"modified":"2021-12-05T14:03:43","modified_gmt":"2021-12-05T13:03:43","slug":"un-buon-sesto-posto-per-vittozzic-nella-staffetta-del-biathlon","status":"publish","type":"post","link":"https:\/\/comitati.fisi.org\/friuli-venezia-giulia\/blog\/2021\/12\/05\/un-buon-sesto-posto-per-vittozzic-nella-staffetta-del-biathlon\/","title":{"rendered":"Un buon sesto posto per Vittozzi&amp;C. nella staffetta del biathlon"},"content":{"rendered":"<p>Vittoria francese nella staffetta femminile di Coppa del Mondo di biathlon di Oestersund, in Svezia. Le transalpine chiudono con il tempo totale di 1h10\u201930\u20333, con sole 4 ricariche, davanti alla Bielorussia, sei ricariche, e 57\u20339 di ritardo, e alla Svezia a 1\u201909\u20336, con 2 penalit\u00e0 e 11 ricariche.<br \/>\nL\u2019Italia \u00e8 sesta con un buona prestazione di squadra.<br \/>\nLisa Vittozzi mette in pista una buona prima frazione, utilizzando una ricarica per poligono, con tempi di rilascio molto veloci che permettono alla carabiniera di Sappada di chiudere al secondo posto, ma a soli 5 decimi dalla Russia.<br \/>\nDorothea Wierer usa una ricarica nel tiro a terra, ma mantiene contatto con il vertice. Poi per\u00f2, nel tiro in piedi, la campionessa altoatesina \u00e8 costretta al giro di penalit\u00e0, che la porta al cambio in settima posizione con 1\u201926\u20333 di ritardo dalla Francia.<br \/>\nSamuela Comola \u00e8 precisa sia nel tiro a terra che in quello in piedi e mantiene la settima posizione con 2 minuti di ritardo: una frazione che promuove la valdostana al debutto in una staffetta di Coppa.<br \/>\nMichela Carrara usa tre ricariche al primo poligono e una sola al secondo, uscendo dalla piazzola al sesto posto, che tiene fino al traguardo, che taglia con un ritardo di 2\u201958\u20333, davanti a Repubblica Ceca e Russia.<\/p>\n<p><a href=\"https:\/\/www.biathlonworld.com\/live?c=BT2122SWRLCP02&amp;u=BTHW4X6KM-------------FNL-000100--\">CLASSIFICA<\/a><\/p>\n<p><em><strong>(nella foto Lisa Vittozzi)<\/strong><\/em><\/p>\n","protected":false},"excerpt":{"rendered":"<p>La sappadina come sempre si esprime al meglio nella frazione di lancio<\/p>\n","protected":false},"author":4,"featured_media":72441,"comment_status":"closed","ping_status":"closed","sticky":false,"template":"","format":"standard","meta":{"_acf_changed":false,"footnotes":""},"categories":[13,10],"tags":[],"acf":[],"_links":{"self":[{"href":"https:\/\/comitati.fisi.org\/friuli-venezia-giulia\/wp-json\/wp\/v2\/posts\/82562"}],"collection":[{"href":"https:\/\/comitati.fisi.org\/friuli-venezia-giulia\/wp-json\/wp\/v2\/posts"}],"about":[{"href":"https:\/\/comitati.fisi.org\/friuli-venezia-giulia\/wp-json\/wp\/v2\/types\/post"}],"author":[{"embeddable":true,"href":"https:\/\/comitati.fisi.org\/friuli-venezia-giulia\/wp-json\/wp\/v2\/users\/4"}],"replies":[{"embeddable":true,"href":"https:\/\/comitati.fisi.org\/friuli-venezia-giulia\/wp-json\/wp\/v2\/comments?post=82562"}],"version-history":[{"count":0,"href":"https:\/\/comitati.fisi.org\/friuli-venezia-giulia\/wp-json\/wp\/v2\/posts\/82562\/revisions"}],"wp:featuredmedia":[{"embeddable":true,"href":"https:\/\/comitati.fisi.org\/friuli-venezia-giulia\/wp-json\/wp\/v2\/media\/72441"}],"wp:attachment":[{"href":"https:\/\/comitati.fisi.org\/friuli-venezia-giulia\/wp-json\/wp\/v2\/media?parent=82562"}],"wp:term":[{"taxonomy":"category","embeddable":true,"href":"https:\/\/comitati.fisi.org\/friuli-venezia-giulia\/wp-json\/wp\/v2\/categories?post=82562"},{"taxonomy":"post_tag","embeddable":true,"href":"https:\/\/comitati.fisi.org\/friuli-venezia-giulia\/wp-json\/wp\/v2\/tags?post=82562"}],"curies":[{"name":"wp","href":"https:\/\/api.w.org\/{rel}","templated":true}]}}