{"id":82480,"date":"2021-12-04T13:04:04","date_gmt":"2021-12-04T12:04:04","guid":{"rendered":"https:\/\/www.fisifvg.org\/?p=82480"},"modified":"2021-12-04T13:04:04","modified_gmt":"2021-12-04T12:04:04","slug":"martina-di-centa-57a-a-lillehammer-dove-zia-manuela-divenne-regina","status":"publish","type":"post","link":"https:\/\/comitati.fisi.org\/friuli-venezia-giulia\/blog\/2021\/12\/04\/martina-di-centa-57a-a-lillehammer-dove-zia-manuela-divenne-regina\/","title":{"rendered":"Martina Di Centa 57a a Lillehammer, dove zia Manuela divenne &#8220;regina&#8221;"},"content":{"rendered":"<p>Martina Di Centa \u00e8 stata impegnata oggi a Lillehammer, l\u00ec dove zia Manuela divent\u00f2 &#8220;regina&#8221; alle Olimpiadi del 1994 conquistando 5 medaglie, nella 10 km a tecnica libera di Coppa del Mondo di fondo.<\/p>\n<p>La paluzzana ha chiuso 57a a 2&#8217;38&#8221; dalla svedese Frida Karlsson, vincitrice per soli 3 decimi sulla norvegese Therese Johaug al termine di una splendida sfida durata per l&#8217;intero arco della gara.<\/p>\n<p>Prima della azzurre Caterina Ganz, 29a.<\/p>\n<p>Domenica sar\u00e0 tempo di staffetta, con la 4&#215;5 km femminile al via alle 11.45, preceduta alle 9.20 dalla 4&#215;7.5 km maschile.<\/p>\n<p><a href=\"http:\/\/live.fis-ski.com\/cc-2514\/results-pda.htm\">CLASSIFICA<\/a><\/p>\n","protected":false},"excerpt":{"rendered":"<p>La paluzzana ha partecipato alla 10 km tl di Coppa del Mondo<\/p>\n","protected":false},"author":4,"featured_media":73233,"comment_status":"closed","ping_status":"closed","sticky":false,"template":"","format":"standard","meta":{"_acf_changed":false,"footnotes":""},"categories":[10,11],"tags":[],"acf":[],"_links":{"self":[{"href":"https:\/\/comitati.fisi.org\/friuli-venezia-giulia\/wp-json\/wp\/v2\/posts\/82480"}],"collection":[{"href":"https:\/\/comitati.fisi.org\/friuli-venezia-giulia\/wp-json\/wp\/v2\/posts"}],"about":[{"href":"https:\/\/comitati.fisi.org\/friuli-venezia-giulia\/wp-json\/wp\/v2\/types\/post"}],"author":[{"embeddable":true,"href":"https:\/\/comitati.fisi.org\/friuli-venezia-giulia\/wp-json\/wp\/v2\/users\/4"}],"replies":[{"embeddable":true,"href":"https:\/\/comitati.fisi.org\/friuli-venezia-giulia\/wp-json\/wp\/v2\/comments?post=82480"}],"version-history":[{"count":0,"href":"https:\/\/comitati.fisi.org\/friuli-venezia-giulia\/wp-json\/wp\/v2\/posts\/82480\/revisions"}],"wp:featuredmedia":[{"embeddable":true,"href":"https:\/\/comitati.fisi.org\/friuli-venezia-giulia\/wp-json\/wp\/v2\/media\/73233"}],"wp:attachment":[{"href":"https:\/\/comitati.fisi.org\/friuli-venezia-giulia\/wp-json\/wp\/v2\/media?parent=82480"}],"wp:term":[{"taxonomy":"category","embeddable":true,"href":"https:\/\/comitati.fisi.org\/friuli-venezia-giulia\/wp-json\/wp\/v2\/categories?post=82480"},{"taxonomy":"post_tag","embeddable":true,"href":"https:\/\/comitati.fisi.org\/friuli-venezia-giulia\/wp-json\/wp\/v2\/tags?post=82480"}],"curies":[{"name":"wp","href":"https:\/\/api.w.org\/{rel}","templated":true}]}}