{"id":82431,"date":"2021-12-03T19:27:29","date_gmt":"2021-12-03T18:27:29","guid":{"rendered":"https:\/\/www.fisifvg.org\/?p=82431"},"modified":"2021-12-03T19:27:29","modified_gmt":"2021-12-03T18:27:29","slug":"mara-martini-e-tutta-doro-suo-il-titolo-italiano-della-sprint-di-ski-alp","status":"publish","type":"post","link":"https:\/\/comitati.fisi.org\/friuli-venezia-giulia\/blog\/2021\/12\/03\/mara-martini-e-tutta-doro-suo-il-titolo-italiano-della-sprint-di-ski-alp\/","title":{"rendered":"Mara Martini \u00e8 tutta d&#8217;oro, suo il titolo italiano della sprint di ski alp"},"content":{"rendered":"<p>La prima volta della Paganella nello skialp tricolore sar\u00e0 ricordata come quella della consacrazione di giovani talenti. A trionfare nella gara sprint di apertura della tre giorni riservata ai campionati italiani sono stati infatti il carabiniere Nicol\u00f2 Ernesto Canclini e la portacolori del <strong>Bachmann Sport College di Tarvisio Mara Martini<\/strong>, entrambi 24enni ed entrambi in grado di spodestare i due alfieri dell\u2019Esercito: l&#8217;esperto Robert Antonioli e la comunque giovane Giulia Murada, trionfatori delle ultime edizioni. In particolar modo il 30enne di Valfurva si era imposto consecutivamente nelle ultime sei edizioni dei tricolori sprint, ma sul tracciato ricavato nella parte bassa della pista Dosso Larici di Fai della Paganella si \u00e8 dovuto arrendere alla freschezza dello specialista Nicol\u00f2 Ernesto Canclini, che nell\u2019ultimo cambio assetto si \u00e8 presentato in testa, mantenendo il controllo in discesa e tagliando il traguardo a braccia alzate. A 6 secondi \u00e8 poi giunto Robert Antonioli, quindi a completare il podio Michele Boscacci, dopo 13 secondi.<br \/>\nIl talentuoso atleta di Valdisotto Canclini si \u00e8 dunque preso lo scettro come miglior sprinter, dimostrando il suo stato di forma gi\u00e0 nelle qualifiche e facendo registrare il miglior tempo assoluto, aggiudicandosi pure la semifinale.<\/p>\n<div id=\"attachment_82463\" style=\"width: 510px\" class=\"wp-caption alignright\"><a href=\"http:\/\/comitati.fisi.org\/friuli-venezia-giulia\/wp-content\/uploads\/sites\/34\/2021\/12\/23746.jpg\"><img loading=\"lazy\" decoding=\"async\" aria-describedby=\"caption-attachment-82463\" class=\"wp-image-82463\" src=\"http:\/\/comitati.fisi.org\/friuli-venezia-giulia\/wp-content\/uploads\/sites\/34\/2021\/12\/23746-400x400.jpg\" alt=\"\" width=\"500\" height=\"303\" \/><\/a><p id=\"caption-attachment-82463\" class=\"wp-caption-text\">Mara Martini in azione oggi<\/p><\/div>\n<p>Cambio di guardia anche nella sfida femminile, dove Mara Martini ha sorpreso tutte le finaliste, grazie ad una prova tutta grinta, e soprattutto la favorita Giulia Murada, atleta del Cs Esercito, che aveva fatto registrare la migliore prestazione nella qualifica. Ma nella sfida lungo i 400 metri del tracciato con 78 metri di dislivello, \u00e8 prevalsa la determinazione della portacolori del Bachmann, che \u00e8 stata pi\u00f9 veloce sia in salita sia nei cambi assetto, seppure in qualifica avesse fatto registrare il secondo miglior tempo. Sale sul podio anche la veneta Alba De Silvestro dell\u2019Esercito, mentre nella finale assoluta Samantha Bertolina \u00e8 giunta quarta, ma si \u00e8 messa al collo la medaglia d\u2019oro under 23, davanti a Katia Mascherona dell\u2019Alta Valtellina.<\/p>\n<p>Da segnalare negli Under 18 il 28\u00b0 posto di <strong>Francesco Causser dell&#8217;Aldo Moro.<\/strong><\/p>\n<p>Domani spazio alle staffette, con 140 atleti in gara suddivisi nelle sfide maschile senior, femminile senior e giovani miste. Start alle 13.<\/p>\n<p><a href=\"http:\/\/comitati.fisi.org\/friuli-venezia-giulia\/wp-content\/uploads\/sites\/34\/2021\/12\/20211203_Andalo_Sprint_Classifica_Assoluti.pdf\">Classifica Assoluti<\/a><br \/>\n<a href=\"http:\/\/comitati.fisi.org\/friuli-venezia-giulia\/wp-content\/uploads\/sites\/34\/2021\/12\/20211203_Andalo_Sprint_Classifica_U20MF.pdf\">Classifica Giovani<\/a><\/p>\n<p><em><strong>(foto di Elvis Piazzi)<\/strong><\/em><\/p>\n<p><span style=\"color: #ff0000\"><strong>MEDAGLIE CAMPIONATI ITALIANI ASSOLUTI E GIOVANILI 2021-2022 ATLETI FVG E SCI CLUB FISI FVG<\/strong><\/span><\/p>\n<p><span style=\"color: #ff9900\"><strong>ORO<br \/>\n<\/strong><\/span><strong>-LISA VITTOZZI\u00a0 Biathlon estivo\u00a0 Individuale\u00a0 Assoluti<br \/>\n<\/strong>-DESIREE RIBBI\u00a0 Biathlon estivo\u00a0 Individuale\u00a0 U17<br \/>\n-DESIREE RIBBI\u00a0 Biathlon estivo\u00a0 Sprint\u00a0 U17<br \/>\n-ILARIA SCATTOLO\u00a0 Biathlon estivo\u00a0 Individuale\u00a0 U19<br \/>\n-ILARIA SCATTOLO\u00a0 Biathlon estivo\u00a0 Sprint\u00a0 U19<strong><br \/>\n-MATTIA VARIOLA\u00a0 Bob a 2\u00a0 Estivi spinta\u00a0 Assoluti<br \/>\n-MATTIA VARIOLA\u00a0 Bob a 4\u00a0 Estivi spinta\u00a0 Assoluti<br \/>\n<\/strong><strong>-FRANCESCO CECON\u00a0 Salto\u00a0 Assoluti<br \/>\n<\/strong><strong>-MARA MARTINI\u00a0 Sci Alpinismo\u00a0 Sprint\u00a0 Assoluti<br \/>\n-MICHAEL GALASSI\u00a0 Skiroll\u00a0 Salita TC\u00a0 Assoluti<br \/>\n<\/strong>-MARTINA DI CENTA\u00a0 Skiroll\u00a0 Sprint\u00a0 U23<br \/>\n-MARTINA DI CENTA\u00a0 Skiroll\u00a0 10 km\u00a0 U23<br \/>\n-DAVIDE GRAZ\u00a0 Skiroll\u00a0 Sprint\u00a0 U23<br \/>\n-LUCA SCLISIZZO\u00a0 Skiroll\u00a0 15 km\u00a0 U23<strong><br \/>\n<\/strong>-MARCO GAUDENZIO\u00a0 Skiroll\u00a0 Salita TC\u00a0 \u00a0U18<\/p>\n<p><span style=\"color: #808080\"><strong>ARGENTO<\/strong><\/span><br \/>\n-MAYA PIVIDORI \u00a0Biathlon estivo\u00a0 Sprint\u00a0 U17<br \/>\n<strong>-RAFFAELE BUZZI\u00a0 Combinata\u00a0 Assoluti<\/strong><br \/>\n-MARA GISMONDI\u00a0 Skiroll\u00a0 Sprint\u00a0 U18<br \/>\n-DAVIDE GRAZ\u00a0 Skiroll\u00a0 15 km\u00a0 U23<\/p>\n<p><strong><span style=\"color: #993366\">BRONZO<\/span><\/strong><br \/>\n<strong>-NICOLA ROMANIN\u00a0 Biathlon estivo\u00a0 Individuale\u00a0 Assoluti<br \/>\n-ELEONORA FAUNER\u00a0 Biathlon estivo\u00a0 Sprint\u00a0 Assoluti<\/strong><br \/>\n-PIETRO PALLOBER\u00a0 Biathlon estivo\u00a0 Individuale\u00a0 U19<br \/>\n<strong>-ALESSANDRO PITTIN\u00a0 Combinata\u00a0 Assoluti<br \/>\n<\/strong>-GRETA PINZANI\u00a0 Combinata\u00a0 Juniores<strong><br \/>\n-TANIA VICENZINO\u00a0 Monobob\u00a0 Estivi Spinta\u00a0 Assoluti<\/strong><br \/>\n<strong>-COSTANTINO UGHI\u00a0 Bob a 4\u00a0 Estivi Spinta\u00a0 Assoluti<br \/>\n<\/strong>-CAMILLA COMAZZI\u00a0 Salto\u00a0 Juniores<strong><br \/>\n-CRISTINA PITTIN\u00a0 Skiroll\u00a0 10 km\u00a0 \u00a0Assoluti<br \/>\n-GIUSEPPE MONTELLO\u00a0 Skiroll\u00a0 Bronzo\u00a0 15 km\u00a0 Assoluti<br \/>\n<\/strong>-LUCA DEL FABBRO\u00a0 Skiroll\u00a0 Bronzo\u00a0 15 km\u00a0 U23<\/p>\n<p>&nbsp;<\/p>\n<p>&nbsp;<\/p>\n<p>&nbsp;<\/p>\n","protected":false},"excerpt":{"rendered":"<p>La bachmaniana si impone nella gara tricolore della Paganella<\/p>\n","protected":false},"author":4,"featured_media":82462,"comment_status":"closed","ping_status":"closed","sticky":false,"template":"","format":"standard","meta":{"_acf_changed":false,"footnotes":""},"categories":[10,19],"tags":[],"acf":[],"_links":{"self":[{"href":"https:\/\/comitati.fisi.org\/friuli-venezia-giulia\/wp-json\/wp\/v2\/posts\/82431"}],"collection":[{"href":"https:\/\/comitati.fisi.org\/friuli-venezia-giulia\/wp-json\/wp\/v2\/posts"}],"about":[{"href":"https:\/\/comitati.fisi.org\/friuli-venezia-giulia\/wp-json\/wp\/v2\/types\/post"}],"author":[{"embeddable":true,"href":"https:\/\/comitati.fisi.org\/friuli-venezia-giulia\/wp-json\/wp\/v2\/users\/4"}],"replies":[{"embeddable":true,"href":"https:\/\/comitati.fisi.org\/friuli-venezia-giulia\/wp-json\/wp\/v2\/comments?post=82431"}],"version-history":[{"count":0,"href":"https:\/\/comitati.fisi.org\/friuli-venezia-giulia\/wp-json\/wp\/v2\/posts\/82431\/revisions"}],"wp:featuredmedia":[{"embeddable":true,"href":"https:\/\/comitati.fisi.org\/friuli-venezia-giulia\/wp-json\/wp\/v2\/media\/82462"}],"wp:attachment":[{"href":"https:\/\/comitati.fisi.org\/friuli-venezia-giulia\/wp-json\/wp\/v2\/media?parent=82431"}],"wp:term":[{"taxonomy":"category","embeddable":true,"href":"https:\/\/comitati.fisi.org\/friuli-venezia-giulia\/wp-json\/wp\/v2\/categories?post=82431"},{"taxonomy":"post_tag","embeddable":true,"href":"https:\/\/comitati.fisi.org\/friuli-venezia-giulia\/wp-json\/wp\/v2\/tags?post=82431"}],"curies":[{"name":"wp","href":"https:\/\/api.w.org\/{rel}","templated":true}]}}