{"id":82362,"date":"2021-12-01T20:46:16","date_gmt":"2021-12-01T19:46:16","guid":{"rendered":"https:\/\/www.fisifvg.org\/?p=82362"},"modified":"2021-12-01T20:46:16","modified_gmt":"2021-12-01T19:46:16","slug":"lele-buzzi-59-nella-prova-della-discesa-di-beaver-creek","status":"publish","type":"post","link":"https:\/\/comitati.fisi.org\/friuli-venezia-giulia\/blog\/2021\/12\/01\/lele-buzzi-59-nella-prova-della-discesa-di-beaver-creek\/","title":{"rendered":"Lele Buzzi 59\u00b0 nella prova della discesa di Beaver Creek"},"content":{"rendered":"<p>Nell\u2019unica prova cronometrata, prima della quattro giorni di gare veloci maschili a Beaver Creek (Usa) \u00e8 l\u2019austriaco Max Franz a dettare legge, fermando il cronomentro con il miglior tempo a 1\u201939\u203391, per 40 centesimi meglio del secondo classificato, il francese Matthieu Bailet, e per 53 rispetto al terzo, il norvegese Adrian Sejersted, partito con il pettorale numero 34. Seguono altri due norvegesi: Kilde, a 79 centesimi e Jansrud a 88, tornato ai livelli alti della classifica.<br \/>\nDecimo \u00e8 Dominik Paris con 1\u203374 di ritardo da Franz, ma con una seconda parte di gara in linea con quella dell\u2019austriaco. Matteo Marsaglia chiude al 14\/o posto con 2\u203312 di ritardo dal leader su una pista che ha regalato al piemontese di origine romana grandi soddisfazioni in passato. Pi\u00f9 attardato Christof Innerhofer che accusa 2\u203382 di svantaggio dal leader di giornata.<br \/>\nMattia Casse taglia il traguardo con 3\u203307 di svantaggio, Guglielmo Bosca \u00e8 a 4\u203363, mentre <strong>Emanuele Buzzi<\/strong>, reduce dalla caduta a Lake Louise, \u00e8 59\u00b0 e paga 5\u203369 a Franz, seguito da Riccardo Tonetti a 6\u203315.<br \/>\nGioved\u00ec \u00e8 in programma il primo dei due superG gi\u00e0 previsti nella localit\u00e0 americana. La partenza \u00e8 per le 19.45 ora italiana.<\/p>\n<p><a href=\"https:\/\/www.studionord.news\/tarvisio-ricorda-lagente-di-polizia-stefano-spizzo-vittima-del-dovere\/\">CLASSIFICA<\/a><\/p>\n","protected":false},"excerpt":{"rendered":"<p>Da gioved\u00ec prende il via un intenso programma di gare, 4 in 4 giorni, prima con 2 superG e poi con altrettante discese<\/p>\n","protected":false},"author":4,"featured_media":63121,"comment_status":"closed","ping_status":"closed","sticky":false,"template":"","format":"standard","meta":{"_acf_changed":false,"footnotes":""},"categories":[10,15],"tags":[],"acf":[],"_links":{"self":[{"href":"https:\/\/comitati.fisi.org\/friuli-venezia-giulia\/wp-json\/wp\/v2\/posts\/82362"}],"collection":[{"href":"https:\/\/comitati.fisi.org\/friuli-venezia-giulia\/wp-json\/wp\/v2\/posts"}],"about":[{"href":"https:\/\/comitati.fisi.org\/friuli-venezia-giulia\/wp-json\/wp\/v2\/types\/post"}],"author":[{"embeddable":true,"href":"https:\/\/comitati.fisi.org\/friuli-venezia-giulia\/wp-json\/wp\/v2\/users\/4"}],"replies":[{"embeddable":true,"href":"https:\/\/comitati.fisi.org\/friuli-venezia-giulia\/wp-json\/wp\/v2\/comments?post=82362"}],"version-history":[{"count":0,"href":"https:\/\/comitati.fisi.org\/friuli-venezia-giulia\/wp-json\/wp\/v2\/posts\/82362\/revisions"}],"wp:featuredmedia":[{"embeddable":true,"href":"https:\/\/comitati.fisi.org\/friuli-venezia-giulia\/wp-json\/wp\/v2\/media\/63121"}],"wp:attachment":[{"href":"https:\/\/comitati.fisi.org\/friuli-venezia-giulia\/wp-json\/wp\/v2\/media?parent=82362"}],"wp:term":[{"taxonomy":"category","embeddable":true,"href":"https:\/\/comitati.fisi.org\/friuli-venezia-giulia\/wp-json\/wp\/v2\/categories?post=82362"},{"taxonomy":"post_tag","embeddable":true,"href":"https:\/\/comitati.fisi.org\/friuli-venezia-giulia\/wp-json\/wp\/v2\/tags?post=82362"}],"curies":[{"name":"wp","href":"https:\/\/api.w.org\/{rel}","templated":true}]}}