{"id":82348,"date":"2021-12-01T10:45:37","date_gmt":"2021-12-01T09:45:37","guid":{"rendered":"https:\/\/www.fisifvg.org\/?p=82348"},"modified":"2021-12-01T10:45:37","modified_gmt":"2021-12-01T09:45:37","slug":"a-meta-dicembre-il-corso-di-aggiornamento-per-direttori-di-gara-fvg","status":"publish","type":"post","link":"https:\/\/comitati.fisi.org\/friuli-venezia-giulia\/blog\/2021\/12\/01\/a-meta-dicembre-il-corso-di-aggiornamento-per-direttori-di-gara-fvg\/","title":{"rendered":"A met\u00e0 dicembre il corso di aggiornamento per Direttori di Gara (FVG)"},"content":{"rendered":"<p><span style=\"font-weight: 400\">La <strong>Commissione Giudici di gara del Friuli Venezia Giulia<\/strong> organizza un <strong>corso di aggiornamento per Direttori di Gara (FVG)<\/strong> per i tesserati che gi\u00e0 avevano preso parte al corso nel 2018, dando la possibilit\u00e0 di partecipazione anche di nuovi iscritti per le seguenti discipline: sci alpino, sci di fondo e biathlon.\u00a0<\/span><\/p>\n<p><span style=\"font-weight: 400\">Il corso si terr\u00e0 nelle giornate di <\/span><b>marted\u00ec 14 e gioved\u00ec 16 dicembre dalle ore 20:45 <\/b><span style=\"font-weight: 400\">in remoto online dalla piattaforma Google Meet.<\/span><\/p>\n<p><span style=\"font-weight: 400\">Tutti i partecipanti dovranno essere maggiorenni ed in possesso della tessera F.I.S.I. per la stagione 2021\/2022 al momento dell\u2019iscrizione.<\/span><\/p>\n<p><span style=\"font-weight: 400\">Per l\u2019adesione gli interessati dovranno<\/span> <span style=\"font-weight: 400\">compilare in tutte le sue parti un modulo in formato Excel che sar\u00e0 loro trasmesso dalle rispettive Societ\u00e0 di appartenenza indicando Cognome e Nome; Societ\u00e0; il proprio indirizzo e-mail; la disciplina; la giornata di presenza; se prima partecipazione o aggiornamento.\u00a0\u00a0\u00a0\u00a0\u00a0<\/span><\/p>\n<p><span style=\"font-weight: 400\">Il tutto dovr\u00e0 essere inviato via mail, <\/span><b>tramite la Societ\u00e0 di appartenenza,<\/b><span style=\"font-weight: 400\"> a\u00a0<\/span><a href=\"mailto:segreteria@giudicifisifvg.org\"><span style=\"font-weight: 400\">segreteria@giudicifisifvg.org <\/span><\/a><b>entro e non oltre le ore 17:00 del 10 dicembre<\/b><span style=\"font-weight: 400\">.<\/span><\/p>\n<p><span style=\"font-weight: 400\">Dopo tale data agli iscritti sar\u00e0 inviato il link di Google Meet all\u2019indirizzo e-mail indicato; inoltre, al termine del corso sar\u00e0 inviata una scheda di test\/quiz dove i partecipanti, per conseguire o mantenere il ruolo di Direttore di Gara (FVG), dovranno rispondere correttamente all\u201980% delle domande.<\/span><\/p>\n<p><span style=\"font-weight: 400\">Il risultato del test di valutazione sar\u00e0 in tempo reale.<\/span><\/p>\n<p><span style=\"font-weight: 400\">Si avvisa che non saranno prese in considerazione richieste arrivate in ritardo e\/o a altri indirizzi e-mail oltre a quello indicato o con il modulo Excel riportante dati incompleti.<\/span><\/p>\n<p><em><strong>(nella foto il Responsabile regionale dei Giudici di Gara e Giudice benemerito Luigi Popovic, premiato dal vicepresidente del Consiglio Regionale in occasione della Riunione delle Societ\u00e0 FISI FVG di sabato scorso)<\/strong><\/em><\/p>\n<p>&nbsp;<\/p>\n","protected":false},"excerpt":{"rendered":"<p>Viene organizzato dalla Commissione Giudici di gara del Friuli Venezia Giulia<\/p>\n","protected":false},"author":4,"featured_media":82351,"comment_status":"closed","ping_status":"closed","sticky":false,"template":"","format":"standard","meta":{"_acf_changed":false,"footnotes":""},"categories":[21,17],"tags":[],"acf":[],"_links":{"self":[{"href":"https:\/\/comitati.fisi.org\/friuli-venezia-giulia\/wp-json\/wp\/v2\/posts\/82348"}],"collection":[{"href":"https:\/\/comitati.fisi.org\/friuli-venezia-giulia\/wp-json\/wp\/v2\/posts"}],"about":[{"href":"https:\/\/comitati.fisi.org\/friuli-venezia-giulia\/wp-json\/wp\/v2\/types\/post"}],"author":[{"embeddable":true,"href":"https:\/\/comitati.fisi.org\/friuli-venezia-giulia\/wp-json\/wp\/v2\/users\/4"}],"replies":[{"embeddable":true,"href":"https:\/\/comitati.fisi.org\/friuli-venezia-giulia\/wp-json\/wp\/v2\/comments?post=82348"}],"version-history":[{"count":0,"href":"https:\/\/comitati.fisi.org\/friuli-venezia-giulia\/wp-json\/wp\/v2\/posts\/82348\/revisions"}],"wp:featuredmedia":[{"embeddable":true,"href":"https:\/\/comitati.fisi.org\/friuli-venezia-giulia\/wp-json\/wp\/v2\/media\/82351"}],"wp:attachment":[{"href":"https:\/\/comitati.fisi.org\/friuli-venezia-giulia\/wp-json\/wp\/v2\/media?parent=82348"}],"wp:term":[{"taxonomy":"category","embeddable":true,"href":"https:\/\/comitati.fisi.org\/friuli-venezia-giulia\/wp-json\/wp\/v2\/categories?post=82348"},{"taxonomy":"post_tag","embeddable":true,"href":"https:\/\/comitati.fisi.org\/friuli-venezia-giulia\/wp-json\/wp\/v2\/tags?post=82348"}],"curies":[{"name":"wp","href":"https:\/\/api.w.org\/{rel}","templated":true}]}}