{"id":82345,"date":"2021-12-01T09:27:30","date_gmt":"2021-12-01T08:27:30","guid":{"rendered":"https:\/\/www.fisifvg.org\/?p=82345"},"modified":"2021-12-01T09:27:30","modified_gmt":"2021-12-01T08:27:30","slug":"il-coni-fvg-riunito-ad-amaro-nella-sede-di-eyof-2023","status":"publish","type":"post","link":"https:\/\/comitati.fisi.org\/friuli-venezia-giulia\/blog\/2021\/12\/01\/il-coni-fvg-riunito-ad-amaro-nella-sede-di-eyof-2023\/","title":{"rendered":"Il CONI FVG riunito ad Amaro nella sede di EYOF 2023"},"content":{"rendered":"<p>Il consiglio regionale del CONI si e\u0300 riunito ad Amaro, nella sede di EYOF 2023.<\/p>\n<p>Una scelta del presidente Giorgio Brandolin che, in veste anche di vicepresidente del Comitato organizzatore del Festival Olimpico della Gioventu\u0300 Europea 2023, ha presentato, insieme al presidente del COL Maurizio Dunnhofer (anche presidente della FISI FVG), questo grande evento multisport che coinvolger\u00e0 migliaia di giovani atleti (14-18 anni), provenienti da 50 Paesi.<\/p>\n<p>&#8220;Nel mese di gennaio 2023 &#8211; ha sottolineato Brandolin &#8211; l&#8217;intera regione sar\u00e0 protagonista con 11 sedi di gara e tutto il movimento sportivo del Friuli Venezia Giulia vivr\u00e0 con passione, entusiasmo e compartecipizione questo evento. Sar\u00e0 il perfetto prologo ai Giochi olimpici invernali di Milano-Cortina 2026&#8221;.<\/p>\n<p><em><strong>(nella foto da sinistra Brandolin e Dunnhofer)<\/strong><\/em><\/p>\n<p>&nbsp;<\/p>\n","protected":false},"excerpt":{"rendered":"<p>L&#8217;occasione per presentare il grande evento multisport che coinvolger\u00e0 migliaia di giovani atleti<\/p>\n","protected":false},"author":4,"featured_media":82346,"comment_status":"closed","ping_status":"closed","sticky":false,"template":"","format":"standard","meta":{"_acf_changed":false,"footnotes":""},"categories":[24,10],"tags":[],"acf":[],"_links":{"self":[{"href":"https:\/\/comitati.fisi.org\/friuli-venezia-giulia\/wp-json\/wp\/v2\/posts\/82345"}],"collection":[{"href":"https:\/\/comitati.fisi.org\/friuli-venezia-giulia\/wp-json\/wp\/v2\/posts"}],"about":[{"href":"https:\/\/comitati.fisi.org\/friuli-venezia-giulia\/wp-json\/wp\/v2\/types\/post"}],"author":[{"embeddable":true,"href":"https:\/\/comitati.fisi.org\/friuli-venezia-giulia\/wp-json\/wp\/v2\/users\/4"}],"replies":[{"embeddable":true,"href":"https:\/\/comitati.fisi.org\/friuli-venezia-giulia\/wp-json\/wp\/v2\/comments?post=82345"}],"version-history":[{"count":0,"href":"https:\/\/comitati.fisi.org\/friuli-venezia-giulia\/wp-json\/wp\/v2\/posts\/82345\/revisions"}],"wp:featuredmedia":[{"embeddable":true,"href":"https:\/\/comitati.fisi.org\/friuli-venezia-giulia\/wp-json\/wp\/v2\/media\/82346"}],"wp:attachment":[{"href":"https:\/\/comitati.fisi.org\/friuli-venezia-giulia\/wp-json\/wp\/v2\/media?parent=82345"}],"wp:term":[{"taxonomy":"category","embeddable":true,"href":"https:\/\/comitati.fisi.org\/friuli-venezia-giulia\/wp-json\/wp\/v2\/categories?post=82345"},{"taxonomy":"post_tag","embeddable":true,"href":"https:\/\/comitati.fisi.org\/friuli-venezia-giulia\/wp-json\/wp\/v2\/tags?post=82345"}],"curies":[{"name":"wp","href":"https:\/\/api.w.org\/{rel}","templated":true}]}}