{"id":82340,"date":"2021-11-30T16:23:59","date_gmt":"2021-11-30T15:23:59","guid":{"rendered":"https:\/\/www.fisifvg.org\/?p=82340"},"modified":"2021-11-30T16:23:59","modified_gmt":"2021-11-30T15:23:59","slug":"la-stagione-invernale-in-friuli-venezia-giulia-si-apre-il-4-dicembre","status":"publish","type":"post","link":"https:\/\/comitati.fisi.org\/friuli-venezia-giulia\/blog\/2021\/11\/30\/la-stagione-invernale-in-friuli-venezia-giulia-si-apre-il-4-dicembre\/","title":{"rendered":"La stagione invernale in Friuli Venezia Giulia si apre il 4 dicembre"},"content":{"rendered":"<p><em><strong>Proponiamo il comunicato dell&#8217;Ufficio Stampa della Regione Friuli Venezia Giulia.<\/strong><\/em><\/p>\n<p>&#8220;La stagione invernale del Friuli Venezia riparte all&#8217;insegna della massima sicurezza e con la garanzia che, anche nella malaugurata ipotesi di passaggio in zona arancione, gli impianti, i ristoranti e gli alberghi rimarranno aperti grazie al Green Pass rafforzato e alle nuove misure che su nostra precisa sollecitazione il Governo ha introdotto. Un Esecutivo nazionale che per questo vogliamo ringraziare. Dopo un anno di chiusura totale, oggi ci troviamo in una condizione che consente agli imprenditori e agli operatori della montagna di lavorare con maggiore tranquillit\u00e0 e ai turisti di trovare tutti i servizi regolarmente a disposizione&#8221;.<br \/>\nLo ha affermato questa mattina a Trieste il governatore del Friuli Venezia Giulia, Massimiliano Fedriga, nel corso della presentazione della stagione invernale 2021-2022 da parte di PromoTurismoFVG, intitolata &#8220;Qui, Montagna365: Ri partiamo in sicurezza&#8221; che si apre ufficialmente il prossimo sabato 4 dicembre. All&#8217;evento ha preso parte anche l&#8217;assessore al Turismo, Sergio Emidio Bini.<br \/>\n&#8220;Siamo di fronte a un deciso cambio di passo. Le nuove misure caldeggiate con convinzione dalla Conferenza delle Regioni garantiscono infatti maggiori aperture. Ovviamente &#8211; ha aggiunto Fedriga &#8211; auspichiamo la massima collaborazione e grande senso di responsabilit\u00e0 da parte di tutti nel rispettare con scrupolo le prescrizioni anti-Covid&#8221;.<br \/>\n&#8220;Rinnoviamo poi, ancora una volta, un appello molto importante: per uscire da questa situazione \u00e8 fondamentale partecipare alla campagna vaccinale. Non dobbiamo credere alle immense falsit\u00e0 che continuano a essere diffuse &#8211; ha rimarcato con forza il governatore -. Oggi abbiamo dati eclatanti su chi si contagia e si ammala gravemente: i numeri sull&#8217;incidenza tra vaccinati e non vaccinati sono senza paragone. Per questo bisogna vaccinarsi e convincere le persone a farlo&#8221;.<br \/>\n&#8220;Questa Amministrazione regionale ha voluto rafforzare in modo poderoso lo sviluppo della montagna &#8211; ha detto ancora Fedriga -. Siamo intervenuti sugli aspetti fiscali e continuiamo a investire sulle infrastrutture, puntando anche su eventi internazionali come Eyof 2023, la Coppa Europa e la Coppa del Mondo per promuovere la nostra montagna utilizzando finalmente una comunicazione coordinata e coerente&#8221;.<br \/>\n&#8220;I presupposti per questa stagione invernale &#8211; ha ricordato l&#8217;assessore al Turismo, Sergio Emidio Bini &#8211; sono molto positivi visto che sono gi\u00e0 stati venduti oltre 3.500 skipass&#8221;.<br \/>\n&#8220;Il Governo e la Regione &#8211; ha aggiunto l&#8217;assessore &#8211; stanno inoltre mettendo a disposizione degli operatori del settore ristori molto importanti che si aggiungono ai 70 milioni di euro gi\u00e0 stanziati nella fase emergenziale: oltre 1,3 milioni di euro che a breve liquideremo per ristorare maestri e scuole sci, con una media di 4mila euro per ogni maestro e mediamente 47mila euro per le scuole di sci&#8221;.<br \/>\n&#8220;Stiamo poi definendo come utilizzare gli oltre 6 milioni di euro che lo Stato ha messo a disposizione delle attivit\u00e0 turistiche, commerciali e artigianali dei nostri comprensori sciistici e che la nostra Amministrazione &#8211; ha affermato Bini &#8211; dovr\u00e0 liquidare entro febbraio 2023&#8221;.<br \/>\nNel corso della conferenza stampa sono state presentate le regole per sciare in sicurezza in tutti i poli del Friuli Venezia Giulia in caso di zona bianca e zona gialla: sar\u00e0 necessario essere in possesso del Green Pass &#8220;base&#8221; per accedere agli impianti di risalita; i minori di 12 anni non dovranno essere in possesso di nessuna certificazione; all&#8217;interno degli impianti chiusi, dai 6 anni in su, andr\u00e0 indossata una mascherina Ffp2.<br \/>\nAncora, la capienza su funivie, cabinovie e seggiovie con chiusura paravento sar\u00e0 ridotta all&#8217;80%, mentre la capienza sugli impianti aperti rimarr\u00e0 al 100%; gli impianti di risalita saranno regolarmente arieggiati e disinfettati; il numero di skipass non sar\u00e0 limitato e pertanto non sar\u00e0 richiesta la prenotazione, mentre rimane preferibile, comunque, acquistare lo skipass online; nei rifugi saranno applicate le stesse norme di sicurezza previste per bar e ristoranti.<br \/>\nIn caso di passaggio in zona arancione per accedere agli impianti da sci bisogner\u00e0 avere il &#8220;super Green Pass&#8221;, rilasciato solo con la vaccinazione o dopo la guarigione da Covid-19. Se la chiusura sar\u00e0 totale per l&#8217;intera stagione invernale, il rimborso sar\u00e0 integrale.<br \/>\nI controlli di validit\u00e0 del Green Pass verranno effettuati dalle autorit\u00e0 di pubblica sicurezza congiuntamente al personale di PromoTurismoFVG, cos\u00ec da permettere una verifica incrociata con i dati e la validit\u00e0 dello skipass.<br \/>\nNovit\u00e0 di rilievo: da gennaio 2022 per l&#8217;utilizzo degli impianti sar\u00e0 obbligatorio seguire un regolamento per la sicurezza ovvero essere in possesso di assicurazione di responsabilit\u00e0 civile verso terzi in corso di validit\u00e0. Inoltre i minori di 18 anni dovranno sempre indossare il casco. A proposito della copertura assicurativa PromoTurismoFVG gi\u00e0 da diverso tempo propone la polizza abbinata allo skipass, al costo di 3 euro al giorno oppure di 46 euro per l&#8217;intera stagione.<br \/>\nNel corso della conferenza stampa \u00e8 stata anche annunciata l&#8217;apertura, sabato 4 dicembre, sullo Zoncolan della prima seggiovia a 6 posti del Friuli Venezia Giulia denominata &#8220;Giro d&#8217;Italia&#8221; e l&#8217;inaugurazione della nuova pista Zoncolan 3 Alta. Altri interventi di miglioramento riguardano Sauris, Sella Nevea e Tarvisio. Infine a Forni di Sopra sar\u00e0 a disposizione degli sciatori la nuova pista Plan dai Pos e a Sappada aprir\u00e0 nuovamente il versante sciistico di Sappada 2000.<\/p>\n<p><em><strong>(nella foto Fedriga e Bini)<\/strong><\/em><\/p>\n<div class=\"x-video player\" data-x-element-mejs><div class=\"x-video-inner\"><video class=\"x-mejs x-wp-video-shortcode advanced-controls\" id=\"video-82340-1\" width=\"720\" height=\"406\" preload=\"metadata\" controls=\"controls\"><source type=\"video\/mp4\" src=\"http:\/\/comitati.fisi.org\/friuli-venezia-giulia\/wp-content\/uploads\/sites\/34\/2021\/11\/163828639690411-30-FEDRIGA-BINI-STAGIONE-TURISTICA-INVERNALE-logo.flv.mp4?_=1\" \/><\/video><\/div><\/div>\n","protected":false},"excerpt":{"rendered":"<p>Oggi la conferenza stampa di presentazione da parte di PromoTurismoFVG<\/p>\n","protected":false},"author":4,"featured_media":82341,"comment_status":"closed","ping_status":"closed","sticky":false,"template":"","format":"standard","meta":{"_acf_changed":false,"footnotes":""},"categories":[10,17],"tags":[],"acf":[],"_links":{"self":[{"href":"https:\/\/comitati.fisi.org\/friuli-venezia-giulia\/wp-json\/wp\/v2\/posts\/82340"}],"collection":[{"href":"https:\/\/comitati.fisi.org\/friuli-venezia-giulia\/wp-json\/wp\/v2\/posts"}],"about":[{"href":"https:\/\/comitati.fisi.org\/friuli-venezia-giulia\/wp-json\/wp\/v2\/types\/post"}],"author":[{"embeddable":true,"href":"https:\/\/comitati.fisi.org\/friuli-venezia-giulia\/wp-json\/wp\/v2\/users\/4"}],"replies":[{"embeddable":true,"href":"https:\/\/comitati.fisi.org\/friuli-venezia-giulia\/wp-json\/wp\/v2\/comments?post=82340"}],"version-history":[{"count":0,"href":"https:\/\/comitati.fisi.org\/friuli-venezia-giulia\/wp-json\/wp\/v2\/posts\/82340\/revisions"}],"wp:featuredmedia":[{"embeddable":true,"href":"https:\/\/comitati.fisi.org\/friuli-venezia-giulia\/wp-json\/wp\/v2\/media\/82341"}],"wp:attachment":[{"href":"https:\/\/comitati.fisi.org\/friuli-venezia-giulia\/wp-json\/wp\/v2\/media?parent=82340"}],"wp:term":[{"taxonomy":"category","embeddable":true,"href":"https:\/\/comitati.fisi.org\/friuli-venezia-giulia\/wp-json\/wp\/v2\/categories?post=82340"},{"taxonomy":"post_tag","embeddable":true,"href":"https:\/\/comitati.fisi.org\/friuli-venezia-giulia\/wp-json\/wp\/v2\/tags?post=82340"}],"curies":[{"name":"wp","href":"https:\/\/api.w.org\/{rel}","templated":true}]}}