{"id":82331,"date":"2021-11-30T14:31:18","date_gmt":"2021-11-30T13:31:18","guid":{"rendered":"https:\/\/www.fisifvg.org\/?p=82331"},"modified":"2021-11-30T14:31:18","modified_gmt":"2021-11-30T13:31:18","slug":"a-santa-caterina-non-puo-che-vincere-caterina-gran-bis-per-la-sinigoi","status":"publish","type":"post","link":"https:\/\/comitati.fisi.org\/friuli-venezia-giulia\/blog\/2021\/11\/30\/a-santa-caterina-non-puo-che-vincere-caterina-gran-bis-per-la-sinigoi\/","title":{"rendered":"A Santa Caterina non pu\u00f2 che vincere Caterina! Gran bis per la Sinigoi"},"content":{"rendered":"<p>Caterina Sinigoi piazza il bis.<\/p>\n<p>Dopo il successo nello slalom FIS NJR di ieri di Santa Caterina Valfurva, la 18enne di Aurisina, esponente della squadra FISI FVG e tesserata con lo SK Devin, si \u00e8 ripetuta oggi in gara-2. Un successo pi\u00f9 complicato rispetto al giorno prima, visto che in quell&#8217;occasione si trovava in testa gi\u00e0 dopo la prima manche.<\/p>\n<p>Oggi invece Caterina si era ritrovata a met\u00e0 gara al quinto posto ed \u00e8 stata bravissima nella manche decisiva a recuperare, grazie al secondo tempo parziale, chiudendo con 0&#8243;17 sulla rimontante Tatum Bieler, tredicesima a met\u00e0 gara, e 0&#8243;24 su Maria Sole Antonini.<\/p>\n<p>Per la Sinigoi si tratta del terzo successo a Santa Caterina (ottavo assoluto in una FIS), un nome che \u00e8 quasi un segno del destino!<\/p>\n<p><a href=\"http:\/\/live.fis-ski.com\/lv-al6389.htm#\/ranking\">CLASSIFICA<\/a><\/p>\n<p><em><strong>(nella foto Caterina Sinigoi con la coppa conquistata oggi)<\/strong><\/em><\/p>\n<p>&nbsp;<\/p>\n","protected":false},"excerpt":{"rendered":"<p>La diciottenne del Devin bissa nello slalom FIS NJR il successo di ieri<\/p>\n","protected":false},"author":4,"featured_media":82336,"comment_status":"closed","ping_status":"closed","sticky":false,"template":"","format":"standard","meta":{"_acf_changed":false,"footnotes":""},"categories":[10,15],"tags":[],"acf":[],"_links":{"self":[{"href":"https:\/\/comitati.fisi.org\/friuli-venezia-giulia\/wp-json\/wp\/v2\/posts\/82331"}],"collection":[{"href":"https:\/\/comitati.fisi.org\/friuli-venezia-giulia\/wp-json\/wp\/v2\/posts"}],"about":[{"href":"https:\/\/comitati.fisi.org\/friuli-venezia-giulia\/wp-json\/wp\/v2\/types\/post"}],"author":[{"embeddable":true,"href":"https:\/\/comitati.fisi.org\/friuli-venezia-giulia\/wp-json\/wp\/v2\/users\/4"}],"replies":[{"embeddable":true,"href":"https:\/\/comitati.fisi.org\/friuli-venezia-giulia\/wp-json\/wp\/v2\/comments?post=82331"}],"version-history":[{"count":0,"href":"https:\/\/comitati.fisi.org\/friuli-venezia-giulia\/wp-json\/wp\/v2\/posts\/82331\/revisions"}],"wp:featuredmedia":[{"embeddable":true,"href":"https:\/\/comitati.fisi.org\/friuli-venezia-giulia\/wp-json\/wp\/v2\/media\/82336"}],"wp:attachment":[{"href":"https:\/\/comitati.fisi.org\/friuli-venezia-giulia\/wp-json\/wp\/v2\/media?parent=82331"}],"wp:term":[{"taxonomy":"category","embeddable":true,"href":"https:\/\/comitati.fisi.org\/friuli-venezia-giulia\/wp-json\/wp\/v2\/categories?post=82331"},{"taxonomy":"post_tag","embeddable":true,"href":"https:\/\/comitati.fisi.org\/friuli-venezia-giulia\/wp-json\/wp\/v2\/tags?post=82331"}],"curies":[{"name":"wp","href":"https:\/\/api.w.org\/{rel}","templated":true}]}}