{"id":82316,"date":"2021-11-30T11:14:45","date_gmt":"2021-11-30T10:14:45","guid":{"rendered":"https:\/\/www.fisifvg.org\/?p=82316"},"modified":"2021-11-30T11:14:45","modified_gmt":"2021-11-30T10:14:45","slug":"il-trio-cappellari-d-fauner-e-fauner-confermato-nella-seconda-tappa-di-ibu-cup","status":"publish","type":"post","link":"https:\/\/comitati.fisi.org\/friuli-venezia-giulia\/blog\/2021\/11\/30\/il-trio-cappellari-d-fauner-e-fauner-confermato-nella-seconda-tappa-di-ibu-cup\/","title":{"rendered":"Il trio Cappellari-D.Fauner-E.Fauner confermato nella seconda tappa di Ibu Cup"},"content":{"rendered":"<div class=\"pt-4 pb-5\">\n<p>Sono stati ufficializzati i convocati per l\u2019appuntamento di IBU Cup in programma sulla pista di Sjusjoen, in Norvegia.<\/p>\n<p>Il direttore tecnico Fabrizio Curtaz ha deciso l\u2019avvicendamento fra Rebecca Passler e Hanna Auchentaller (che garegger\u00e0 in Coppa del Mondo a Oestersund, gare da gioved\u00ec): la 20enne altoatesina andr\u00e0 ad affiancare <strong>Eleonora Fauner,<\/strong> Irene Lardschneider, Beatrice e Martina Trabucchi e Linda Zingerle in campo femminile, mentre \u00e8 confermata la formazione maschile con Cedric Christille, <strong>Daniele Fauner <em>(nella foto),<\/em><\/strong> Iacopo Leonesio, Michele Molinari, David Zingerle, <strong>Daniele Cappellari<\/strong> e Patrick Braunhofer.<\/p>\n<p>Il programma:<br \/>\nMer. 01\/12 \u2013 Ibu Cup \u2013 Supersprint maschile e femminile Sjusjoen (Nor) \u2013 ore 11.50 e 15.20<br \/>\nVen. 03\/12 \u2013 Ibu Cup \u2013 Sprint maschile e femminile Sjusjoen (Nor) \u2013 ore 10.30 e 13.45<br \/>\nSab. 04\/12 \u2013 Ibu Cup \u2013 Mass start maschile e femminile Sjusjoen (Nor) \u2013 ore 10.30 e 13.30<\/p>\n<\/div>\n","protected":false},"excerpt":{"rendered":"<p>Il secondo circuito del biathlon fa tappa a Sjusjoen, in Norvegia<\/p>\n","protected":false},"author":4,"featured_media":74291,"comment_status":"closed","ping_status":"closed","sticky":false,"template":"","format":"standard","meta":{"_acf_changed":false,"footnotes":""},"categories":[13],"tags":[],"acf":[],"_links":{"self":[{"href":"https:\/\/comitati.fisi.org\/friuli-venezia-giulia\/wp-json\/wp\/v2\/posts\/82316"}],"collection":[{"href":"https:\/\/comitati.fisi.org\/friuli-venezia-giulia\/wp-json\/wp\/v2\/posts"}],"about":[{"href":"https:\/\/comitati.fisi.org\/friuli-venezia-giulia\/wp-json\/wp\/v2\/types\/post"}],"author":[{"embeddable":true,"href":"https:\/\/comitati.fisi.org\/friuli-venezia-giulia\/wp-json\/wp\/v2\/users\/4"}],"replies":[{"embeddable":true,"href":"https:\/\/comitati.fisi.org\/friuli-venezia-giulia\/wp-json\/wp\/v2\/comments?post=82316"}],"version-history":[{"count":0,"href":"https:\/\/comitati.fisi.org\/friuli-venezia-giulia\/wp-json\/wp\/v2\/posts\/82316\/revisions"}],"wp:featuredmedia":[{"embeddable":true,"href":"https:\/\/comitati.fisi.org\/friuli-venezia-giulia\/wp-json\/wp\/v2\/media\/74291"}],"wp:attachment":[{"href":"https:\/\/comitati.fisi.org\/friuli-venezia-giulia\/wp-json\/wp\/v2\/media?parent=82316"}],"wp:term":[{"taxonomy":"category","embeddable":true,"href":"https:\/\/comitati.fisi.org\/friuli-venezia-giulia\/wp-json\/wp\/v2\/categories?post=82316"},{"taxonomy":"post_tag","embeddable":true,"href":"https:\/\/comitati.fisi.org\/friuli-venezia-giulia\/wp-json\/wp\/v2\/tags?post=82316"}],"curies":[{"name":"wp","href":"https:\/\/api.w.org\/{rel}","templated":true}]}}