{"id":82307,"date":"2021-11-29T19:34:45","date_gmt":"2021-11-29T18:34:45","guid":{"rendered":"https:\/\/www.fisifvg.org\/?p=82307"},"modified":"2021-11-29T19:34:45","modified_gmt":"2021-11-29T18:34:45","slug":"rinviati-gli-slalom-fis-njr-di-sappada","status":"publish","type":"post","link":"https:\/\/comitati.fisi.org\/friuli-venezia-giulia\/blog\/2021\/11\/29\/rinviati-gli-slalom-fis-njr-di-sappada\/","title":{"rendered":"Rinviati gli slalom FIS NJR di Sappada"},"content":{"rendered":"<p>Lo Sci Club Sappada comunica il rinvio degli slalom FIS NJR previsti per l\u20198 e il 9 dicembre a Sappada.<\/p>\n<p>In base al calendario e alla disponibilit\u00e0 delle piste la societ\u00e0 richieder\u00e0 e comunicher\u00e0 le nuove date quanto prima.<\/p>\n<p>&nbsp;<\/p>\n","protected":false},"excerpt":{"rendered":"<p>Erano in programma l&#8217;8 e il 9 dicembre <\/p>\n","protected":false},"author":4,"featured_media":57997,"comment_status":"closed","ping_status":"closed","sticky":false,"template":"","format":"standard","meta":{"_acf_changed":false,"footnotes":""},"categories":[15],"tags":[],"acf":[],"_links":{"self":[{"href":"https:\/\/comitati.fisi.org\/friuli-venezia-giulia\/wp-json\/wp\/v2\/posts\/82307"}],"collection":[{"href":"https:\/\/comitati.fisi.org\/friuli-venezia-giulia\/wp-json\/wp\/v2\/posts"}],"about":[{"href":"https:\/\/comitati.fisi.org\/friuli-venezia-giulia\/wp-json\/wp\/v2\/types\/post"}],"author":[{"embeddable":true,"href":"https:\/\/comitati.fisi.org\/friuli-venezia-giulia\/wp-json\/wp\/v2\/users\/4"}],"replies":[{"embeddable":true,"href":"https:\/\/comitati.fisi.org\/friuli-venezia-giulia\/wp-json\/wp\/v2\/comments?post=82307"}],"version-history":[{"count":0,"href":"https:\/\/comitati.fisi.org\/friuli-venezia-giulia\/wp-json\/wp\/v2\/posts\/82307\/revisions"}],"wp:featuredmedia":[{"embeddable":true,"href":"https:\/\/comitati.fisi.org\/friuli-venezia-giulia\/wp-json\/wp\/v2\/media\/57997"}],"wp:attachment":[{"href":"https:\/\/comitati.fisi.org\/friuli-venezia-giulia\/wp-json\/wp\/v2\/media?parent=82307"}],"wp:term":[{"taxonomy":"category","embeddable":true,"href":"https:\/\/comitati.fisi.org\/friuli-venezia-giulia\/wp-json\/wp\/v2\/categories?post=82307"},{"taxonomy":"post_tag","embeddable":true,"href":"https:\/\/comitati.fisi.org\/friuli-venezia-giulia\/wp-json\/wp\/v2\/tags?post=82307"}],"curies":[{"name":"wp","href":"https:\/\/api.w.org\/{rel}","templated":true}]}}