{"id":82253,"date":"2021-11-28T13:23:13","date_gmt":"2021-11-28T12:23:13","guid":{"rendered":"https:\/\/www.fisifvg.org\/?p=82253"},"modified":"2021-11-28T13:23:13","modified_gmt":"2021-11-28T12:23:13","slug":"cappellari-3-volte-su-3-nei-primi-venti-nella-tappa-di-ibu-cup-di-idre","status":"publish","type":"post","link":"https:\/\/comitati.fisi.org\/friuli-venezia-giulia\/blog\/2021\/11\/28\/cappellari-3-volte-su-3-nei-primi-venti-nella-tappa-di-ibu-cup-di-idre\/","title":{"rendered":"Cappellari 3 volte su 3 nei primi venti nella tappa di Ibu Cup di Idre"},"content":{"rendered":"<p>Daniele Cappellari \u00e8 stato impegnato oggi nella 12.5 km ad inseguimento di Ibu Cup a Idre, in Svezia.<\/p>\n<p>Il fornese partiva dal 12\u00b0 posto ottenuto nella sprint di ieri, a 1\u201903\u201d dal vincitore, il norvegese Andersen.<\/p>\n<p>Perfetto nelle due serie a terra, tanto da salire a met\u00e0 gara all&#8217;ottavo posto, Cappellari ha commesso un errore in entrambi i poligono in piedi, chiudendo 19\u00b0 a 2&#8217;48&#8221; dal vincitore, il russo Tomshin, autore un pieno. Cappellari \u00e8 stato il migliore degli italiani; nelle tre gare disputate da gioved\u00ec a oggi a Idre, \u00e8 sempre entrato fra i primi 20.<\/p>\n<p><a href=\"https:\/\/www.biathlonworld.com\/results?EventType=BTSIBUCP\">CLASSIFICHE IDRE<\/a><\/p>\n","protected":false},"excerpt":{"rendered":"<p>Oggi il fornese \u00e8 stato impegnato nella 12.5 km ad inseguimento<\/p>\n","protected":false},"author":4,"featured_media":77711,"comment_status":"closed","ping_status":"closed","sticky":false,"template":"","format":"standard","meta":{"_acf_changed":false,"footnotes":""},"categories":[13],"tags":[],"acf":[],"_links":{"self":[{"href":"https:\/\/comitati.fisi.org\/friuli-venezia-giulia\/wp-json\/wp\/v2\/posts\/82253"}],"collection":[{"href":"https:\/\/comitati.fisi.org\/friuli-venezia-giulia\/wp-json\/wp\/v2\/posts"}],"about":[{"href":"https:\/\/comitati.fisi.org\/friuli-venezia-giulia\/wp-json\/wp\/v2\/types\/post"}],"author":[{"embeddable":true,"href":"https:\/\/comitati.fisi.org\/friuli-venezia-giulia\/wp-json\/wp\/v2\/users\/4"}],"replies":[{"embeddable":true,"href":"https:\/\/comitati.fisi.org\/friuli-venezia-giulia\/wp-json\/wp\/v2\/comments?post=82253"}],"version-history":[{"count":0,"href":"https:\/\/comitati.fisi.org\/friuli-venezia-giulia\/wp-json\/wp\/v2\/posts\/82253\/revisions"}],"wp:featuredmedia":[{"embeddable":true,"href":"https:\/\/comitati.fisi.org\/friuli-venezia-giulia\/wp-json\/wp\/v2\/media\/77711"}],"wp:attachment":[{"href":"https:\/\/comitati.fisi.org\/friuli-venezia-giulia\/wp-json\/wp\/v2\/media?parent=82253"}],"wp:term":[{"taxonomy":"category","embeddable":true,"href":"https:\/\/comitati.fisi.org\/friuli-venezia-giulia\/wp-json\/wp\/v2\/categories?post=82253"},{"taxonomy":"post_tag","embeddable":true,"href":"https:\/\/comitati.fisi.org\/friuli-venezia-giulia\/wp-json\/wp\/v2\/tags?post=82253"}],"curies":[{"name":"wp","href":"https:\/\/api.w.org\/{rel}","templated":true}]}}