{"id":82246,"date":"2021-11-28T17:19:41","date_gmt":"2021-11-28T16:19:41","guid":{"rendered":"https:\/\/www.fisifvg.org\/?p=82246"},"modified":"2021-11-28T17:19:41","modified_gmt":"2021-11-28T16:19:41","slug":"troppa-neve-a-lake-louise-niente-superg-per-buzzic","status":"publish","type":"post","link":"https:\/\/comitati.fisi.org\/friuli-venezia-giulia\/blog\/2021\/11\/28\/troppa-neve-a-lake-louise-niente-superg-per-buzzic\/","title":{"rendered":"Troppa neve a Lake Louise, niente superG per Buzzi&amp;C."},"content":{"rendered":"<p>La fitta nevicata della notte e delle prime ore del mattino, e la tanta neve rimasta in pista a Lake Louise hanno costretto gli organizzatori e la Fis a cancellare anche il superG di Coppa del Mondo in terra canadese, che avrebbe visto al via Emanuele Buzzi con il pettorale 30.<\/p>\n<p>Sono cos\u00ec due le gare cancellate nel primo weekend della velocit\u00e0 maschile sulle tre programmate.<br \/>\nOra si tratter\u00e0 di organizzare il recupero. La discesa \u00e8 stata gi\u00e0 aggiunta al prossimo fine settimana di gare a Beaver Creek, dove non si potr\u00e0 certo inserire un ulteriore superG. Si attendono quindi le decisioni della Federazione internazionale per ricollocare la gara cancellata oggi nel calendario della stagione.<\/p>\n<p>&nbsp;<\/p>\n","protected":false},"excerpt":{"rendered":"<p>Sono cos\u00ec due le gare cancellate nel primo weekend della velocit\u00e0 maschile sulle tre programmate<\/p>\n","protected":false},"author":4,"featured_media":82247,"comment_status":"closed","ping_status":"closed","sticky":false,"template":"","format":"standard","meta":{"_acf_changed":false,"footnotes":""},"categories":[15],"tags":[],"acf":[],"_links":{"self":[{"href":"https:\/\/comitati.fisi.org\/friuli-venezia-giulia\/wp-json\/wp\/v2\/posts\/82246"}],"collection":[{"href":"https:\/\/comitati.fisi.org\/friuli-venezia-giulia\/wp-json\/wp\/v2\/posts"}],"about":[{"href":"https:\/\/comitati.fisi.org\/friuli-venezia-giulia\/wp-json\/wp\/v2\/types\/post"}],"author":[{"embeddable":true,"href":"https:\/\/comitati.fisi.org\/friuli-venezia-giulia\/wp-json\/wp\/v2\/users\/4"}],"replies":[{"embeddable":true,"href":"https:\/\/comitati.fisi.org\/friuli-venezia-giulia\/wp-json\/wp\/v2\/comments?post=82246"}],"version-history":[{"count":0,"href":"https:\/\/comitati.fisi.org\/friuli-venezia-giulia\/wp-json\/wp\/v2\/posts\/82246\/revisions"}],"wp:featuredmedia":[{"embeddable":true,"href":"https:\/\/comitati.fisi.org\/friuli-venezia-giulia\/wp-json\/wp\/v2\/media\/82247"}],"wp:attachment":[{"href":"https:\/\/comitati.fisi.org\/friuli-venezia-giulia\/wp-json\/wp\/v2\/media?parent=82246"}],"wp:term":[{"taxonomy":"category","embeddable":true,"href":"https:\/\/comitati.fisi.org\/friuli-venezia-giulia\/wp-json\/wp\/v2\/categories?post=82246"},{"taxonomy":"post_tag","embeddable":true,"href":"https:\/\/comitati.fisi.org\/friuli-venezia-giulia\/wp-json\/wp\/v2\/tags?post=82246"}],"curies":[{"name":"wp","href":"https:\/\/api.w.org\/{rel}","templated":true}]}}