{"id":82226,"date":"2021-11-27T21:38:33","date_gmt":"2021-11-27T20:38:33","guid":{"rendered":"https:\/\/www.fisifvg.org\/?p=82226"},"modified":"2021-11-27T21:38:33","modified_gmt":"2021-11-27T20:38:33","slug":"emanuele-buzzi-non-conclude-la-prima-discesa-della-stagione","status":"publish","type":"post","link":"https:\/\/comitati.fisi.org\/friuli-venezia-giulia\/blog\/2021\/11\/27\/emanuele-buzzi-non-conclude-la-prima-discesa-della-stagione\/","title":{"rendered":"Emanuele Buzzi non conclude la prima discesa della stagione"},"content":{"rendered":"<p>Emanuele Buzzi non ha concluso la prima discesa stagionale di Coppa del Mondo.<\/p>\n<p>A Lake Louise (Canada) il sappadino si \u00e8 fatto sorprendere da un dosso posizionato nella prima parte di gara ed \u00e8 stato sbalzato, cadendo apparentemente senza particolari conseguenze; non a caso \u00e8 rientrato al traguardo sugli sci. &#8220;Ho preso qualche botta, ma sembra essere tutto ok&#8221;,\u00a0 conferma Lele, che c<span style=\"font-size: 1rem\">i riprover\u00e0 domenica nel superG, al via alle 20.15.<\/span><\/p>\n<p>Vittoria dell&#8217;austriaco Mayer con 0&#8243;23 sul connazionale Kreichmayr e 0&#8243;35 sullo svizzero Feuz, un podio di lusso. Ottavo il campione azzurro Dominik Paris, staccato di 0&#8243;96.<\/p>\n<p><a href=\"http:\/\/live.fis-ski.com\/lv-al0069.htm#\/ranking\">CLASSIFICA<\/a><\/p>\n<p>&nbsp;<\/p>\n","protected":false},"excerpt":{"rendered":"<p>Il sappadino \u00e8 caduto nella prova di Coppa del Mondo di Lake Louise<\/p>\n","protected":false},"author":4,"featured_media":75528,"comment_status":"closed","ping_status":"closed","sticky":false,"template":"","format":"standard","meta":{"_acf_changed":false,"footnotes":""},"categories":[15],"tags":[],"acf":[],"_links":{"self":[{"href":"https:\/\/comitati.fisi.org\/friuli-venezia-giulia\/wp-json\/wp\/v2\/posts\/82226"}],"collection":[{"href":"https:\/\/comitati.fisi.org\/friuli-venezia-giulia\/wp-json\/wp\/v2\/posts"}],"about":[{"href":"https:\/\/comitati.fisi.org\/friuli-venezia-giulia\/wp-json\/wp\/v2\/types\/post"}],"author":[{"embeddable":true,"href":"https:\/\/comitati.fisi.org\/friuli-venezia-giulia\/wp-json\/wp\/v2\/users\/4"}],"replies":[{"embeddable":true,"href":"https:\/\/comitati.fisi.org\/friuli-venezia-giulia\/wp-json\/wp\/v2\/comments?post=82226"}],"version-history":[{"count":0,"href":"https:\/\/comitati.fisi.org\/friuli-venezia-giulia\/wp-json\/wp\/v2\/posts\/82226\/revisions"}],"wp:featuredmedia":[{"embeddable":true,"href":"https:\/\/comitati.fisi.org\/friuli-venezia-giulia\/wp-json\/wp\/v2\/media\/75528"}],"wp:attachment":[{"href":"https:\/\/comitati.fisi.org\/friuli-venezia-giulia\/wp-json\/wp\/v2\/media?parent=82226"}],"wp:term":[{"taxonomy":"category","embeddable":true,"href":"https:\/\/comitati.fisi.org\/friuli-venezia-giulia\/wp-json\/wp\/v2\/categories?post=82226"},{"taxonomy":"post_tag","embeddable":true,"href":"https:\/\/comitati.fisi.org\/friuli-venezia-giulia\/wp-json\/wp\/v2\/tags?post=82226"}],"curies":[{"name":"wp","href":"https:\/\/api.w.org\/{rel}","templated":true}]}}