{"id":82134,"date":"2021-11-27T17:17:52","date_gmt":"2021-11-27T16:17:52","guid":{"rendered":"https:\/\/www.fisifvg.org\/?p=82134"},"modified":"2021-11-27T17:17:52","modified_gmt":"2021-11-27T16:17:52","slug":"graz-quinto-nella-sprint-fis-di-coppa-italia-a-santa-caterina","status":"publish","type":"post","link":"https:\/\/comitati.fisi.org\/friuli-venezia-giulia\/blog\/2021\/11\/27\/graz-quinto-nella-sprint-fis-di-coppa-italia-a-santa-caterina\/","title":{"rendered":"Graz quinto nella sprint FIS di Coppa Italia a Santa Caterina"},"content":{"rendered":"<p><span style=\"font-weight: 400\">Giornata uggiosa, cielo imbronciato, qualche raggio di sole che filtrava dal Gavia, ma Santa Caterina Valfurva sorride, \u00e8 arrivata la neve, giusto a sancire l\u2019avvio di stagione con la gara FIS che dispensava anche punti per la Coppa Italia di sci di fondo.<\/span><\/p>\n<p><span style=\"font-weight: 400\">Un\u2019orchestra ben intonata quella dello Sci Club Alta Valtellina, che ha mandato in scena quattro gare molto combattute e spettacolari grazie anche ad una pista che ha retto all\u2019assalto dei quasi 300 iscritti, una met\u00e0 dei quali stranieri.<\/span><\/p>\n<p><span style=\"font-weight: 400\">Giornata dedicata agli sprinter, quella di oggi, con le qualifiche del mattino che hanno visto primeggiare Nadine Laurent ed Elia Barp (U20), quindi la francese Lena Quintin e Simone Mocellini tra i senior. Un bel presupposto per i colori azzurri, ma le finali hanno dato esito diverso, in qualche caso su una pista di 1,3 km, gara in skating.<\/span><\/p>\n<p><span style=\"font-weight: 400\">Innanzitutto onore ai vincitori: brava Nadine Laurent che ha onorato alla grande il suo pettorale numero 1. Prima in qualifica, prima nei quarti, prima in semifinale e\u2026 prima sul podio finale. La poliziotta (FFOO) di Gressoney \u00e8 stata una bella conferma. Al maschile, la U20 \u00e8 stata un po\u2019 la fotocopia della gara di Nadine. Elia Barp, il finanziere di Borgo Valbelluna che ora vive a Falcade, anche lui col pettorale numero 1 del miglior tempo in qualifica, ha dettato legge ai quarti, in semifinale e in finale. <strong>Andrea Gartner<\/strong> \u00e8 arrivato fino alla semifinale.<\/span><\/p>\n<p><span style=\"font-weight: 400\">Nella gara senior non \u00e8 andata proprio come ci si aspettava, almeno dopo le qualifiche e dopo le prime fasi.<br \/>\n<\/span><span style=\"font-weight: 400\">Tra le donne ha vinto l\u2019austriaca Lisa Unterweger, nulla da dire sulla sua vittoria limpida e meritata. Con i se e con i ma non si vincono le gare, ma\u2026 se Elisa Brocard non avesse rotto un bastoncino nelle fasi cruciali dopo il secondo posto in qualifica, dopo la vittoria ai quarti e il secondo posto in semifinale, proprio alle spalle dell\u2019austriaca, forse il risultato sarebbe stato diverso. Per i maschi senior lo stadio del fondo \u201cLa Fonte\u201d era pronto a celebrare la gran giornata del trentino e portacolori delle FFGG Simone Mocellini. La sua finale \u00e8 stata un\u2019opera d\u2019arte. \u00c8 stato costretto ad inseguire perch\u00e9 non \u00e8 partito al meglio, ha fatto un gran recupero sull\u2019unica salita impegnativa, ma il \u201cgalletto\u201d Renaud Jay ha fatto\u2026 il galletto. C\u2019era anche Michael Hellweger, secondo in qualifica, che fino a met\u00e0 finale era li li per fare il diavolo a quattro, ma il diavolo invece\u2026 ci ha messo la coda. Il poliziotto si \u00e8 toccato con l\u2019altro transalpino Tom Mancin\u00ec e \u2026 addio sogni di gloria. Il podio maschile senior vede dunque primo Jay seguito da Mocellini, terzo posto per Mattia Armellini (FFOO), con <strong>Davide Graz<\/strong> (atteso soprattutto dopo le gare test di Livigno) ad accontentarsi del <strong>quinto posto<\/strong> davanti a Mikael Abram (CS Esercito), bravo in qualifica e anche lui costretto ad arrendersi. Fuori ai quarti <strong>Luca Del Fabbro e Martin Coradazzi.<\/strong><\/span><\/p>\n<p><span style=\"font-weight: 400\">Tra le donne, con la Unterweger reginetta, bene anche la francese Lena Quintin, una coppia straniera che ha messo in fila Nicole Monsorno, in giornata \u201csi\u201d, Chiara De Zolt, Elisa Brocard e Federica Cassol. <strong>Cristina Pittin<\/strong> \u00e8 stata ripescata in semifinale come lucky loser, ma poi la sua corsa si \u00e8 fermata.<\/span><\/p>\n<p><span style=\"font-weight: 400\">Tra le U20, difficile per tutte pensare di mettere i propri sci davanti alla poliziotta Nadine Laurent (che non \u00e8 parente della pi\u00f9 nota Greta), ma Iris De Martin Pinter si \u00e8 difesa con onore conquistando un secondo posto che vale di sicuro pi\u00f9 dell\u2019argento. La francesina Julie Pierrel \u00e8 balzata sul terzo gradino del podio ai danni di Lucia Isonni, Giulia Negroni e Denise Dedei. <strong>Maria Gismondi<\/strong> si \u00e8 fermata in semifinale.<\/span><\/p>\n<p><span style=\"font-weight: 400\">La U20 maschile ha registrato alle spalle d Barp l\u2019acuto, per molti inatteso, dello slovacco Jachym Cenek, che ha tolto l\u2019argento di bocca a Gabriele Rigaudo, il cuneese comunque felice del terzo posto dopo un recupero da manuale. Dietro Ghio, Carollo e Schwingschackl. <strong>Andrea Gartner<\/strong> \u00e8 arrivato fino alla semifinale.<\/span><\/p>\n<p>Domenica le prove distance a tecnica classica, <a href=\"https:\/\/www.fisifvg.org\/2021\/11\/23\/in-6-dalla-fisi-fvg-alla-prima-gara-stagionale-dello-sci-di-fondo\/\">con in gara anche gli esponenti della squadra FISI FVG<\/a>.<\/p>\n<p><a href=\"http:\/\/comitati.fisi.org\/friuli-venezia-giulia\/wp-content\/uploads\/sites\/34\/2021\/11\/CLASSIFICHE.pdf\">CLASSIFICHE<\/a><\/p>\n<p><em><strong>(nella foto Newspower, Davide Graz in azione oggi)<\/strong><\/em><\/p>\n","protected":false},"excerpt":{"rendered":"<p>Domenica le prove distance a tecnica classica, con in gara anche gli esponenti della squadra FISI FVG<\/p>\n","protected":false},"author":4,"featured_media":82214,"comment_status":"closed","ping_status":"closed","sticky":false,"template":"","format":"standard","meta":{"_acf_changed":false,"footnotes":""},"categories":[10,11],"tags":[],"acf":[],"_links":{"self":[{"href":"https:\/\/comitati.fisi.org\/friuli-venezia-giulia\/wp-json\/wp\/v2\/posts\/82134"}],"collection":[{"href":"https:\/\/comitati.fisi.org\/friuli-venezia-giulia\/wp-json\/wp\/v2\/posts"}],"about":[{"href":"https:\/\/comitati.fisi.org\/friuli-venezia-giulia\/wp-json\/wp\/v2\/types\/post"}],"author":[{"embeddable":true,"href":"https:\/\/comitati.fisi.org\/friuli-venezia-giulia\/wp-json\/wp\/v2\/users\/4"}],"replies":[{"embeddable":true,"href":"https:\/\/comitati.fisi.org\/friuli-venezia-giulia\/wp-json\/wp\/v2\/comments?post=82134"}],"version-history":[{"count":0,"href":"https:\/\/comitati.fisi.org\/friuli-venezia-giulia\/wp-json\/wp\/v2\/posts\/82134\/revisions"}],"wp:featuredmedia":[{"embeddable":true,"href":"https:\/\/comitati.fisi.org\/friuli-venezia-giulia\/wp-json\/wp\/v2\/media\/82214"}],"wp:attachment":[{"href":"https:\/\/comitati.fisi.org\/friuli-venezia-giulia\/wp-json\/wp\/v2\/media?parent=82134"}],"wp:term":[{"taxonomy":"category","embeddable":true,"href":"https:\/\/comitati.fisi.org\/friuli-venezia-giulia\/wp-json\/wp\/v2\/categories?post=82134"},{"taxonomy":"post_tag","embeddable":true,"href":"https:\/\/comitati.fisi.org\/friuli-venezia-giulia\/wp-json\/wp\/v2\/tags?post=82134"}],"curies":[{"name":"wp","href":"https:\/\/api.w.org\/{rel}","templated":true}]}}