{"id":82085,"date":"2021-11-24T18:08:19","date_gmt":"2021-11-24T17:08:19","guid":{"rendered":"https:\/\/www.fisifvg.org\/?p=82085"},"modified":"2021-11-24T18:08:19","modified_gmt":"2021-11-24T17:08:19","slug":"il-programma-degli-slalom-fis-njr-di-sappada","status":"publish","type":"post","link":"https:\/\/comitati.fisi.org\/friuli-venezia-giulia\/blog\/2021\/11\/24\/il-programma-degli-slalom-fis-njr-di-sappada\/","title":{"rendered":"Il programma degli slalom FIS NJR di Sappada"},"content":{"rendered":"<p>Il primo appuntamento della stagione invernale 21-22 sulle nevi FVG si svolger\u00e0 a Sappada.<\/p>\n<p>Mercoled\u00ec 8 e gioved\u00ec 9 dicembre, infatti, lo Sci Club Sappada ospiter\u00e0 due slalom FIS NJR, con in palio il Trofeo Stocco.<\/p>\n<p>Le gare si disputeranno sulla pista Nera Eiben.<\/p>\n<p><a href=\"https:\/\/www.fisifvg.org\/wp-content\/uploads\/2019\/11\/Programma-FIS-8_9-Dicembre.pdf\">CLICCA QUI PER VISUALIZZARE IL PROGRAMMA<\/a><\/p>\n","protected":false},"excerpt":{"rendered":"<p>Appuntamento l&#8217;8 e il 9 dicembre, organizza lo Sci Club Sappada<\/p>\n","protected":false},"author":4,"featured_media":47748,"comment_status":"closed","ping_status":"closed","sticky":false,"template":"","format":"standard","meta":{"_acf_changed":false,"footnotes":""},"categories":[10,15],"tags":[],"acf":[],"_links":{"self":[{"href":"https:\/\/comitati.fisi.org\/friuli-venezia-giulia\/wp-json\/wp\/v2\/posts\/82085"}],"collection":[{"href":"https:\/\/comitati.fisi.org\/friuli-venezia-giulia\/wp-json\/wp\/v2\/posts"}],"about":[{"href":"https:\/\/comitati.fisi.org\/friuli-venezia-giulia\/wp-json\/wp\/v2\/types\/post"}],"author":[{"embeddable":true,"href":"https:\/\/comitati.fisi.org\/friuli-venezia-giulia\/wp-json\/wp\/v2\/users\/4"}],"replies":[{"embeddable":true,"href":"https:\/\/comitati.fisi.org\/friuli-venezia-giulia\/wp-json\/wp\/v2\/comments?post=82085"}],"version-history":[{"count":0,"href":"https:\/\/comitati.fisi.org\/friuli-venezia-giulia\/wp-json\/wp\/v2\/posts\/82085\/revisions"}],"wp:featuredmedia":[{"embeddable":true,"href":"https:\/\/comitati.fisi.org\/friuli-venezia-giulia\/wp-json\/wp\/v2\/media\/47748"}],"wp:attachment":[{"href":"https:\/\/comitati.fisi.org\/friuli-venezia-giulia\/wp-json\/wp\/v2\/media?parent=82085"}],"wp:term":[{"taxonomy":"category","embeddable":true,"href":"https:\/\/comitati.fisi.org\/friuli-venezia-giulia\/wp-json\/wp\/v2\/categories?post=82085"},{"taxonomy":"post_tag","embeddable":true,"href":"https:\/\/comitati.fisi.org\/friuli-venezia-giulia\/wp-json\/wp\/v2\/tags?post=82085"}],"curies":[{"name":"wp","href":"https:\/\/api.w.org\/{rel}","templated":true}]}}