{"id":82038,"date":"2021-11-23T22:07:47","date_gmt":"2021-11-23T21:07:47","guid":{"rendered":"https:\/\/www.fisifvg.org\/?p=82038"},"modified":"2021-11-23T22:07:47","modified_gmt":"2021-11-23T21:07:47","slug":"buzzi-lontano-nella-prima-prova-cronometrata-di-lake-louise","status":"publish","type":"post","link":"https:\/\/comitati.fisi.org\/friuli-venezia-giulia\/blog\/2021\/11\/23\/buzzi-lontano-nella-prima-prova-cronometrata-di-lake-louise\/","title":{"rendered":"Buzzi lontano nella prima prova cronometrata di Lake Louise"},"content":{"rendered":"<p>Emanuele Buzzi ha ottenuto il 62\u00b0 tempo nella prima prova cronometrata della discesa di Coppa del Mondo di Lake Louise (Canada), di fatto l&#8217;esordio stagionale con un pettorale per gli specialisti delle prove veloci.<\/p>\n<p>Il carabiniere di Sappada ha chiuso a poco pi\u00f9 di 4&#8243; dal leader, il carinziano Max Franz.<\/p>\n<p>Una prova quella odierna condizionata dalla scarsa visibilit\u00e0, che ha ritardato la partenza di 15 minuti e costretto la giuria ad un&#8217;interruzione proprio prima della partenza dell\u2019azzurro scuola Bachmann Mattia Casse, con il pettorale numero 37. Il piemontese, comunque, alla ripresa della prova, riesce ad infilare un buon 15\/o tempo, mentre Dominik Paris, il migliore degli azzurri, \u00e8 13\u00b0.<\/p>\n<p>Mercoled\u00ec e gioved\u00ec altre due prove, venerd\u00ec e sabato le discese, domenica il superG.<\/p>\n<p><a href=\"http:\/\/live.fis-ski.com\/lv-al0065.htm#\/ranking\">CLASSIFICA<\/a><\/p>\n","protected":false},"excerpt":{"rendered":"<p>Un allenamento condizionato dalla scarsa visibilit\u00e0 <\/p>\n","protected":false},"author":4,"featured_media":77098,"comment_status":"closed","ping_status":"closed","sticky":false,"template":"","format":"standard","meta":{"_acf_changed":false,"footnotes":""},"categories":[10,15],"tags":[],"acf":[],"_links":{"self":[{"href":"https:\/\/comitati.fisi.org\/friuli-venezia-giulia\/wp-json\/wp\/v2\/posts\/82038"}],"collection":[{"href":"https:\/\/comitati.fisi.org\/friuli-venezia-giulia\/wp-json\/wp\/v2\/posts"}],"about":[{"href":"https:\/\/comitati.fisi.org\/friuli-venezia-giulia\/wp-json\/wp\/v2\/types\/post"}],"author":[{"embeddable":true,"href":"https:\/\/comitati.fisi.org\/friuli-venezia-giulia\/wp-json\/wp\/v2\/users\/4"}],"replies":[{"embeddable":true,"href":"https:\/\/comitati.fisi.org\/friuli-venezia-giulia\/wp-json\/wp\/v2\/comments?post=82038"}],"version-history":[{"count":0,"href":"https:\/\/comitati.fisi.org\/friuli-venezia-giulia\/wp-json\/wp\/v2\/posts\/82038\/revisions"}],"wp:featuredmedia":[{"embeddable":true,"href":"https:\/\/comitati.fisi.org\/friuli-venezia-giulia\/wp-json\/wp\/v2\/media\/77098"}],"wp:attachment":[{"href":"https:\/\/comitati.fisi.org\/friuli-venezia-giulia\/wp-json\/wp\/v2\/media?parent=82038"}],"wp:term":[{"taxonomy":"category","embeddable":true,"href":"https:\/\/comitati.fisi.org\/friuli-venezia-giulia\/wp-json\/wp\/v2\/categories?post=82038"},{"taxonomy":"post_tag","embeddable":true,"href":"https:\/\/comitati.fisi.org\/friuli-venezia-giulia\/wp-json\/wp\/v2\/tags?post=82038"}],"curies":[{"name":"wp","href":"https:\/\/api.w.org\/{rel}","templated":true}]}}