{"id":82036,"date":"2021-11-23T14:40:56","date_gmt":"2021-11-23T13:40:56","guid":{"rendered":"https:\/\/www.fisifvg.org\/?p=82036"},"modified":"2021-11-23T14:40:56","modified_gmt":"2021-11-23T13:40:56","slug":"godino-al-via-della-coppa-del-mondo-di-sbx-sulla-pista-olimpica-cinese","status":"publish","type":"post","link":"https:\/\/comitati.fisi.org\/friuli-venezia-giulia\/blog\/2021\/11\/23\/godino-al-via-della-coppa-del-mondo-di-sbx-sulla-pista-olimpica-cinese\/","title":{"rendered":"Godino al via della Coppa del Mondo di sbx sulla pista olimpica cinese"},"content":{"rendered":"<p>Sono sei uomini e quattro donne gli italiani iscritti allo snowboardcross che aprir\u00e0 la Coppa del mondo sulla pista olimpica cinese di Secret Garden, dove venerd\u00ec 26 novembre si disputeranno le qualificazioni, mentre la fase a eliminazione diretta \u00e8 prevista domenica 28 novembre.<\/p>\n<p>Il direttore tecnico Cesare Pisoni ha convocato Omar Visintin, Lorenzo Sommariva, Tommaso Leoni, il goriziano <strong>Michele Godino <em>(nella foto)<\/em><\/strong>, Filippo Ferrari, Matteo Menconi, Michela Moioli, Caterina Carpano, Francesca Gallina e Sofia Belingheri.<\/p>\n<p>La tappa di Secret Garden aprir\u00e0 una stagione fatta di ben undici gare, come mai accaduto in passato. Si correr\u00e0 infatti anche a Montafon (Aut), Cervinia (Ita), Krasnoyarsk (Rus), Chiesa Valmalenco (Ita), Cortina (Ita), Mont Ste. Anne (Can), Reiteralm (Aut) e Veysonnaz (Svi), con le finali del 20 marzo 2022. In mezzo naturalmente la gara olimpica del 9 febbraio 2022. L\u2019Italia si presenta sulla scorta dei sei podi conquistati nel 2020\/21 (con tre vittorie), il secondo posto di Michela Moioli nella classifica generale femminile e il sesto di Sommariva e il setitmo di Visintin in quella maschile.<\/p>\n","protected":false},"excerpt":{"rendered":"<p>Il goriziano in gara da venerd\u00ec 26 a Secret Garden<\/p>\n","protected":false},"author":4,"featured_media":81399,"comment_status":"closed","ping_status":"closed","sticky":false,"template":"","format":"standard","meta":{"_acf_changed":false,"footnotes":""},"categories":[10,18],"tags":[],"acf":[],"_links":{"self":[{"href":"https:\/\/comitati.fisi.org\/friuli-venezia-giulia\/wp-json\/wp\/v2\/posts\/82036"}],"collection":[{"href":"https:\/\/comitati.fisi.org\/friuli-venezia-giulia\/wp-json\/wp\/v2\/posts"}],"about":[{"href":"https:\/\/comitati.fisi.org\/friuli-venezia-giulia\/wp-json\/wp\/v2\/types\/post"}],"author":[{"embeddable":true,"href":"https:\/\/comitati.fisi.org\/friuli-venezia-giulia\/wp-json\/wp\/v2\/users\/4"}],"replies":[{"embeddable":true,"href":"https:\/\/comitati.fisi.org\/friuli-venezia-giulia\/wp-json\/wp\/v2\/comments?post=82036"}],"version-history":[{"count":0,"href":"https:\/\/comitati.fisi.org\/friuli-venezia-giulia\/wp-json\/wp\/v2\/posts\/82036\/revisions"}],"wp:featuredmedia":[{"embeddable":true,"href":"https:\/\/comitati.fisi.org\/friuli-venezia-giulia\/wp-json\/wp\/v2\/media\/81399"}],"wp:attachment":[{"href":"https:\/\/comitati.fisi.org\/friuli-venezia-giulia\/wp-json\/wp\/v2\/media?parent=82036"}],"wp:term":[{"taxonomy":"category","embeddable":true,"href":"https:\/\/comitati.fisi.org\/friuli-venezia-giulia\/wp-json\/wp\/v2\/categories?post=82036"},{"taxonomy":"post_tag","embeddable":true,"href":"https:\/\/comitati.fisi.org\/friuli-venezia-giulia\/wp-json\/wp\/v2\/tags?post=82036"}],"curies":[{"name":"wp","href":"https:\/\/api.w.org\/{rel}","templated":true}]}}