{"id":82026,"date":"2021-11-23T11:46:20","date_gmt":"2021-11-23T10:46:20","guid":{"rendered":"https:\/\/www.fisifvg.org\/?p=82026"},"modified":"2021-11-23T11:46:20","modified_gmt":"2021-11-23T10:46:20","slug":"in-6-dalla-fisi-fvg-alla-prima-gara-stagionale-dello-sci-di-fondo","status":"publish","type":"post","link":"https:\/\/comitati.fisi.org\/friuli-venezia-giulia\/blog\/2021\/11\/23\/in-6-dalla-fisi-fvg-alla-prima-gara-stagionale-dello-sci-di-fondo\/","title":{"rendered":"In 6 dalla FISI FVG alla prima gara stagionale dello sci di fondo"},"content":{"rendered":"<p>Si svolger\u00e0 da gioved\u00ec 25 a domenica 28 novembre il raduno collegiale della squadra FISI FVG di sci di fondo, che culminer\u00e0 nell&#8217;ultima giornata con la partecipazione alle prove FIS Junior di Santa Caterina Valfurva.<\/p>\n<p>I fondisti regionali prenderanno parte alla 10 km femminile e alla 15 km maschile, entrambe a tecnica classica.<\/p>\n<p>La coordinatrice Lorella Baron e il direttore tecnico Francesco Silverio hanno convocato 6 atleti.<\/p>\n<div id='gallery-1' class='gallery galleryid-82026 gallery-columns-2 gallery-size-medium'><dl class='gallery-item'>\n\t\t\t<dt class='gallery-icon landscape'>\n\t\t\t\t<a href='https:\/\/comitati.fisi.org\/friuli-venezia-giulia\/blog\/2021\/11\/03\/due-giorni-di-allenamenti-a-innsbruck-per-cecon-e-campregher\/fondo-22-giorgia-romanin\/'><img loading=\"lazy\" decoding=\"async\" width=\"300\" height=\"300\" src=\"https:\/\/comitati.fisi.org\/friuli-venezia-giulia\/wp-content\/uploads\/sites\/34\/2021\/11\/FONDO-22-Giorgia-Romanin.jpeg\" class=\"attachment-medium size-medium\" alt=\"\" aria-describedby=\"gallery-1-81645\" srcset=\"https:\/\/comitati.fisi.org\/friuli-venezia-giulia\/wp-content\/uploads\/sites\/34\/2021\/11\/FONDO-22-Giorgia-Romanin.jpeg 300w, https:\/\/comitati.fisi.org\/friuli-venezia-giulia\/wp-content\/uploads\/sites\/34\/2021\/11\/FONDO-22-Giorgia-Romanin-150x150.jpeg 150w\" sizes=\"(max-width: 300px) 100vw, 300px\" \/><\/a>\n\t\t\t<\/dt>\n\t\t\t\t<dd class='wp-caption-text gallery-caption' id='gallery-1-81645'>\n\t\t\t\tGIORGIA ROMANIN\nGS Edelweiss\n\t\t\t\t<\/dd><\/dl><dl class='gallery-item'>\n\t\t\t<dt class='gallery-icon landscape'>\n\t\t\t\t<a href='https:\/\/comitati.fisi.org\/friuli-venezia-giulia\/blog\/2021\/11\/03\/due-giorni-di-allenamenti-a-innsbruck-per-cecon-e-campregher\/fondo-22-marco-gaudenzio\/'><img loading=\"lazy\" decoding=\"async\" width=\"300\" height=\"300\" src=\"https:\/\/comitati.fisi.org\/friuli-venezia-giulia\/wp-content\/uploads\/sites\/34\/2021\/11\/FONDO-22-Marco-Gaudenzio.jpeg\" class=\"attachment-medium size-medium\" alt=\"\" aria-describedby=\"gallery-1-81648\" srcset=\"https:\/\/comitati.fisi.org\/friuli-venezia-giulia\/wp-content\/uploads\/sites\/34\/2021\/11\/FONDO-22-Marco-Gaudenzio.jpeg 300w, https:\/\/comitati.fisi.org\/friuli-venezia-giulia\/wp-content\/uploads\/sites\/34\/2021\/11\/FONDO-22-Marco-Gaudenzio-150x150.jpeg 150w\" sizes=\"(max-width: 300px) 100vw, 300px\" \/><\/a>\n\t\t\t<\/dt>\n\t\t\t\t<dd class='wp-caption-text gallery-caption' id='gallery-1-81648'>\n\t\t\t\tMARCO GAUDENZIO\nBachmann Sport College\n\t\t\t\t<\/dd><\/dl><dl class='gallery-item'>\n\t\t\t<dt class='gallery-icon landscape'>\n\t\t\t\t<a href='https:\/\/comitati.fisi.org\/friuli-venezia-giulia\/blog\/2021\/11\/03\/due-giorni-di-allenamenti-a-innsbruck-per-cecon-e-campregher\/fondo-22-gabriele-baldissarutti\/'><img loading=\"lazy\" decoding=\"async\" width=\"300\" height=\"300\" src=\"https:\/\/comitati.fisi.org\/friuli-venezia-giulia\/wp-content\/uploads\/sites\/34\/2021\/11\/FONDO-22-Gabriele-Baldissarutti.jpeg\" class=\"attachment-medium size-medium\" alt=\"\" aria-describedby=\"gallery-1-81649\" srcset=\"https:\/\/comitati.fisi.org\/friuli-venezia-giulia\/wp-content\/uploads\/sites\/34\/2021\/11\/FONDO-22-Gabriele-Baldissarutti.jpeg 300w, https:\/\/comitati.fisi.org\/friuli-venezia-giulia\/wp-content\/uploads\/sites\/34\/2021\/11\/FONDO-22-Gabriele-Baldissarutti-150x150.jpeg 150w\" sizes=\"(max-width: 300px) 100vw, 300px\" \/><\/a>\n\t\t\t<\/dt>\n\t\t\t\t<dd class='wp-caption-text gallery-caption' id='gallery-1-81649'>\n\t\t\t\tGABRIELE BALDISSARUTTI\nASD Camosci\n\t\t\t\t<\/dd><\/dl><dl class='gallery-item'>\n\t\t\t<dt class='gallery-icon landscape'>\n\t\t\t\t<a href='https:\/\/comitati.fisi.org\/friuli-venezia-giulia\/blog\/2021\/11\/03\/due-giorni-di-allenamenti-a-innsbruck-per-cecon-e-campregher\/fondo-22-patrick-belcari\/'><img loading=\"lazy\" decoding=\"async\" width=\"300\" height=\"300\" src=\"https:\/\/comitati.fisi.org\/friuli-venezia-giulia\/wp-content\/uploads\/sites\/34\/2021\/11\/FONDO-22-Patrick-Belcari.jpeg\" class=\"attachment-medium size-medium\" alt=\"\" aria-describedby=\"gallery-1-81646\" srcset=\"https:\/\/comitati.fisi.org\/friuli-venezia-giulia\/wp-content\/uploads\/sites\/34\/2021\/11\/FONDO-22-Patrick-Belcari.jpeg 300w, https:\/\/comitati.fisi.org\/friuli-venezia-giulia\/wp-content\/uploads\/sites\/34\/2021\/11\/FONDO-22-Patrick-Belcari-150x150.jpeg 150w\" sizes=\"(max-width: 300px) 100vw, 300px\" \/><\/a>\n\t\t\t<\/dt>\n\t\t\t\t<dd class='wp-caption-text gallery-caption' id='gallery-1-81646'>\n\t\t\t\tPatrick Belcari\n\t\t\t\t<\/dd><\/dl>\n\t\t<\/div>\n\n<p><em><strong>(nella foto di copertina Gabriele Baldissarutti)<\/strong><\/em><\/p>\n","protected":false},"excerpt":{"rendered":"<p>Raduno e poi gara a Santa Caterina Valfurva per i componenti delle squadre di Comitato<\/p>\n","protected":false},"author":4,"featured_media":81541,"comment_status":"closed","ping_status":"closed","sticky":false,"template":"","format":"standard","meta":{"_acf_changed":false,"footnotes":""},"categories":[10,11],"tags":[],"acf":[],"_links":{"self":[{"href":"https:\/\/comitati.fisi.org\/friuli-venezia-giulia\/wp-json\/wp\/v2\/posts\/82026"}],"collection":[{"href":"https:\/\/comitati.fisi.org\/friuli-venezia-giulia\/wp-json\/wp\/v2\/posts"}],"about":[{"href":"https:\/\/comitati.fisi.org\/friuli-venezia-giulia\/wp-json\/wp\/v2\/types\/post"}],"author":[{"embeddable":true,"href":"https:\/\/comitati.fisi.org\/friuli-venezia-giulia\/wp-json\/wp\/v2\/users\/4"}],"replies":[{"embeddable":true,"href":"https:\/\/comitati.fisi.org\/friuli-venezia-giulia\/wp-json\/wp\/v2\/comments?post=82026"}],"version-history":[{"count":0,"href":"https:\/\/comitati.fisi.org\/friuli-venezia-giulia\/wp-json\/wp\/v2\/posts\/82026\/revisions"}],"wp:featuredmedia":[{"embeddable":true,"href":"https:\/\/comitati.fisi.org\/friuli-venezia-giulia\/wp-json\/wp\/v2\/media\/81541"}],"wp:attachment":[{"href":"https:\/\/comitati.fisi.org\/friuli-venezia-giulia\/wp-json\/wp\/v2\/media?parent=82026"}],"wp:term":[{"taxonomy":"category","embeddable":true,"href":"https:\/\/comitati.fisi.org\/friuli-venezia-giulia\/wp-json\/wp\/v2\/categories?post=82026"},{"taxonomy":"post_tag","embeddable":true,"href":"https:\/\/comitati.fisi.org\/friuli-venezia-giulia\/wp-json\/wp\/v2\/tags?post=82026"}],"curies":[{"name":"wp","href":"https:\/\/api.w.org\/{rel}","templated":true}]}}