{"id":82016,"date":"2021-11-22T10:39:30","date_gmt":"2021-11-22T09:39:30","guid":{"rendered":"https:\/\/www.fisifvg.org\/?p=82016"},"modified":"2021-11-22T10:39:30","modified_gmt":"2021-11-22T09:39:30","slug":"buzzi-al-via-della-prima-tappa-della-coppa-del-mondo-21-22-di-combinata","status":"publish","type":"post","link":"https:\/\/comitati.fisi.org\/friuli-venezia-giulia\/blog\/2021\/11\/22\/buzzi-al-via-della-prima-tappa-della-coppa-del-mondo-21-22-di-combinata\/","title":{"rendered":"Raffaele Buzzi al via della prima tappa della Coppa del Mondo 21-22"},"content":{"rendered":"<p>Si aprir\u00e0 a Ruka la Coppa del mondo 2021\/2022 di combinata nordica.<\/p>\n<p>A partire da gioved\u00ec 25 novembre, gli atleti saranno impegnati nella localit\u00e0 finlandese per quattro giorni di gare: si comincer\u00e0 con il tradizionale Provisional Competition Round per poi proseguire con tre Gundersen spalmate in altrettante giornate, dal 26 al 28 novembre.<\/p>\n<p>L\u2019Italia parteciper\u00e0 alla tappa inaugurale della competizione con quattro atleti, ovvero Samuel Costa, Aaron Kostner, <strong>Raffaele Buzzi<em> (nella foto<\/em><em>)<\/em><\/strong> e Iacopo Bortolas.<\/p>\n<p>A coordinare gli azzurri impegnati in gara, lo staff tecnico composto dagli allenatori Danny Winkelmann, Michele Giuliani e Ivan Lunardi.<\/p>\n<p>Il programma completo della quattro giorni di Ruka:<\/p>\n<p>Gio. 25\/11 \u2013 Provisional Competition Round \u2013 ore 16.00<br \/>\nVen. 26\/11 \u2013 Gundersen HS142\/5 km maschile \u2013 ore 11.00 e 15.10, diretta tv Eurosport<br \/>\nSab. 27\/11 \u2013Gundersen HS142\/10 km maschile \u2013 ore 09.10 e 15.30, diretta tv Eurosport<br \/>\nDom. 28\/11 Gundersen HS142\/10 km maschile \u2013 ore 09.10 e 15.05, diretta tv Eurosport<\/p>\n","protected":false},"excerpt":{"rendered":"<p>Appuntamento a Ruka, in Finlandia, dal 25 al 28 novembre<\/p>\n","protected":false},"author":4,"featured_media":81403,"comment_status":"closed","ping_status":"closed","sticky":false,"template":"","format":"standard","meta":{"_acf_changed":false,"footnotes":""},"categories":[14,10],"tags":[],"acf":[],"_links":{"self":[{"href":"https:\/\/comitati.fisi.org\/friuli-venezia-giulia\/wp-json\/wp\/v2\/posts\/82016"}],"collection":[{"href":"https:\/\/comitati.fisi.org\/friuli-venezia-giulia\/wp-json\/wp\/v2\/posts"}],"about":[{"href":"https:\/\/comitati.fisi.org\/friuli-venezia-giulia\/wp-json\/wp\/v2\/types\/post"}],"author":[{"embeddable":true,"href":"https:\/\/comitati.fisi.org\/friuli-venezia-giulia\/wp-json\/wp\/v2\/users\/4"}],"replies":[{"embeddable":true,"href":"https:\/\/comitati.fisi.org\/friuli-venezia-giulia\/wp-json\/wp\/v2\/comments?post=82016"}],"version-history":[{"count":0,"href":"https:\/\/comitati.fisi.org\/friuli-venezia-giulia\/wp-json\/wp\/v2\/posts\/82016\/revisions"}],"wp:featuredmedia":[{"embeddable":true,"href":"https:\/\/comitati.fisi.org\/friuli-venezia-giulia\/wp-json\/wp\/v2\/media\/81403"}],"wp:attachment":[{"href":"https:\/\/comitati.fisi.org\/friuli-venezia-giulia\/wp-json\/wp\/v2\/media?parent=82016"}],"wp:term":[{"taxonomy":"category","embeddable":true,"href":"https:\/\/comitati.fisi.org\/friuli-venezia-giulia\/wp-json\/wp\/v2\/categories?post=82016"},{"taxonomy":"post_tag","embeddable":true,"href":"https:\/\/comitati.fisi.org\/friuli-venezia-giulia\/wp-json\/wp\/v2\/tags?post=82016"}],"curies":[{"name":"wp","href":"https:\/\/api.w.org\/{rel}","templated":true}]}}