{"id":81916,"date":"2021-11-17T15:04:35","date_gmt":"2021-11-17T14:04:35","guid":{"rendered":"https:\/\/www.fisifvg.org\/?p=81916"},"modified":"2021-11-17T15:04:35","modified_gmt":"2021-11-17T14:04:35","slug":"luca-taranzano-si-sposta-in-svizzera-per-allenamenti-e-gare","status":"publish","type":"post","link":"https:\/\/comitati.fisi.org\/friuli-venezia-giulia\/blog\/2021\/11\/17\/luca-taranzano-si-sposta-in-svizzera-per-allenamenti-e-gare\/","title":{"rendered":"Luca Taranzano si sposta in Svizzera per allenamenti e gare"},"content":{"rendered":"<div class=\"pt-4 pb-5\">\n<p>Il direttore tecnico nazionale dello sci alpino giovanile Massimo Carca ha diramato le convocazioni per una tre giorni di allenamento, sulle nevi di Zinal, per le squadre B1 e B2 maschili di discipline tecniche, da venerd\u00ec 19, che culminer\u00e0 con la gara Fis di gigante, in programma luned\u00ec 22.<\/p>\n<p>Saranno protagonisti sulle piste svizzere, gli atleti Tobias Kastlunger, Matteo Franzoso, Pietro Canzio, <strong>Luca Taranzano (Sci Cai Monte Lussari, <em>nella foto<\/em>)<\/strong>, Matteo Bendotti, Tommaso Saccardi e Simo Talacci, seguiti dal pool di tecnici federali composto da Ruggero Muzzarelli, Riccardo Coriani e <strong>Gianluca Zanitzer.<\/strong><\/p>\n<\/div>\n","protected":false},"excerpt":{"rendered":"<p>Le squadre nazionali B1 e B2 maschili delle discipline tecniche di sci alpino saranno impegnate da venerd\u00ec 19 a Zinal<\/p>\n","protected":false},"author":4,"featured_media":79698,"comment_status":"closed","ping_status":"closed","sticky":false,"template":"","format":"standard","meta":{"_acf_changed":false,"footnotes":""},"categories":[10,15],"tags":[],"acf":[],"_links":{"self":[{"href":"https:\/\/comitati.fisi.org\/friuli-venezia-giulia\/wp-json\/wp\/v2\/posts\/81916"}],"collection":[{"href":"https:\/\/comitati.fisi.org\/friuli-venezia-giulia\/wp-json\/wp\/v2\/posts"}],"about":[{"href":"https:\/\/comitati.fisi.org\/friuli-venezia-giulia\/wp-json\/wp\/v2\/types\/post"}],"author":[{"embeddable":true,"href":"https:\/\/comitati.fisi.org\/friuli-venezia-giulia\/wp-json\/wp\/v2\/users\/4"}],"replies":[{"embeddable":true,"href":"https:\/\/comitati.fisi.org\/friuli-venezia-giulia\/wp-json\/wp\/v2\/comments?post=81916"}],"version-history":[{"count":0,"href":"https:\/\/comitati.fisi.org\/friuli-venezia-giulia\/wp-json\/wp\/v2\/posts\/81916\/revisions"}],"wp:featuredmedia":[{"embeddable":true,"href":"https:\/\/comitati.fisi.org\/friuli-venezia-giulia\/wp-json\/wp\/v2\/media\/79698"}],"wp:attachment":[{"href":"https:\/\/comitati.fisi.org\/friuli-venezia-giulia\/wp-json\/wp\/v2\/media?parent=81916"}],"wp:term":[{"taxonomy":"category","embeddable":true,"href":"https:\/\/comitati.fisi.org\/friuli-venezia-giulia\/wp-json\/wp\/v2\/categories?post=81916"},{"taxonomy":"post_tag","embeddable":true,"href":"https:\/\/comitati.fisi.org\/friuli-venezia-giulia\/wp-json\/wp\/v2\/tags?post=81916"}],"curies":[{"name":"wp","href":"https:\/\/api.w.org\/{rel}","templated":true}]}}