{"id":81838,"date":"2021-11-15T09:24:17","date_gmt":"2021-11-15T08:24:17","guid":{"rendered":"https:\/\/www.fisifvg.org\/?p=81838"},"modified":"2021-11-15T09:24:17","modified_gmt":"2021-11-15T08:24:17","slug":"test-e-raduno-questa-settimana-per-il-fondo-fisi-fvg","status":"publish","type":"post","link":"https:\/\/comitati.fisi.org\/friuli-venezia-giulia\/blog\/2021\/11\/15\/test-e-raduno-questa-settimana-per-il-fondo-fisi-fvg\/","title":{"rendered":"Test e raduno questa settimana per il fondo FISI FVG"},"content":{"rendered":"<p>Gioved\u00ec 18 novembre si svolger\u00e0 a Planica il secondo test di selezione per la definizione degli atleti da convocare per le gare FIS di Santa Caterina del 27 e 28 novembre, primo appuntamento stagionale in Italia dello sci di fondo.<\/p>\n<p>Sono convocati i componenti della squadra FISI FVG e della squadra EYOF 2023, nonch\u00e9 tutti i praticanti la disciplina appartenenti alle categorie U16, U18 e U20.<\/p>\n<p>Nei giorni seguenti nella localit\u00e0 slovena \u00e8 previsto un raduno, cos\u00ec strutturato: venerd\u00ec 19 dalle 15 alle 17, sabato 20 dalle 9 alle 11.30 e dalle 15 alle 17, domenica 21 dalle 9 alle 12.<\/p>\n<p><em><strong>(nella foto Patrick Belcari del Bachmann, squadra EYOF 2023)<\/strong><\/em><\/p>\n<p>&nbsp;<\/p>\n","protected":false},"excerpt":{"rendered":"<p>Gioved\u00ec 18 si completeranno le selezioni per le gare FIS di Santa Caterina, poi ci saranno allenamenti fino a domenica 21<\/p>\n","protected":false},"author":4,"featured_media":81535,"comment_status":"closed","ping_status":"closed","sticky":false,"template":"","format":"standard","meta":{"_acf_changed":false,"footnotes":""},"categories":[10,11],"tags":[],"acf":[],"_links":{"self":[{"href":"https:\/\/comitati.fisi.org\/friuli-venezia-giulia\/wp-json\/wp\/v2\/posts\/81838"}],"collection":[{"href":"https:\/\/comitati.fisi.org\/friuli-venezia-giulia\/wp-json\/wp\/v2\/posts"}],"about":[{"href":"https:\/\/comitati.fisi.org\/friuli-venezia-giulia\/wp-json\/wp\/v2\/types\/post"}],"author":[{"embeddable":true,"href":"https:\/\/comitati.fisi.org\/friuli-venezia-giulia\/wp-json\/wp\/v2\/users\/4"}],"replies":[{"embeddable":true,"href":"https:\/\/comitati.fisi.org\/friuli-venezia-giulia\/wp-json\/wp\/v2\/comments?post=81838"}],"version-history":[{"count":0,"href":"https:\/\/comitati.fisi.org\/friuli-venezia-giulia\/wp-json\/wp\/v2\/posts\/81838\/revisions"}],"wp:featuredmedia":[{"embeddable":true,"href":"https:\/\/comitati.fisi.org\/friuli-venezia-giulia\/wp-json\/wp\/v2\/media\/81535"}],"wp:attachment":[{"href":"https:\/\/comitati.fisi.org\/friuli-venezia-giulia\/wp-json\/wp\/v2\/media?parent=81838"}],"wp:term":[{"taxonomy":"category","embeddable":true,"href":"https:\/\/comitati.fisi.org\/friuli-venezia-giulia\/wp-json\/wp\/v2\/categories?post=81838"},{"taxonomy":"post_tag","embeddable":true,"href":"https:\/\/comitati.fisi.org\/friuli-venezia-giulia\/wp-json\/wp\/v2\/tags?post=81838"}],"curies":[{"name":"wp","href":"https:\/\/api.w.org\/{rel}","templated":true}]}}