{"id":81819,"date":"2021-11-14T12:54:46","date_gmt":"2021-11-14T11:54:46","guid":{"rendered":"https:\/\/www.fisifvg.org\/?p=81819"},"modified":"2021-11-14T12:54:46","modified_gmt":"2021-11-14T11:54:46","slug":"lisa-ce-vittozzi-seconda-nella-seconda-gara-di-idre","status":"publish","type":"post","link":"https:\/\/comitati.fisi.org\/friuli-venezia-giulia\/blog\/2021\/11\/14\/lisa-ce-vittozzi-seconda-nella-seconda-gara-di-idre\/","title":{"rendered":"Lisa c&#8217;\u00e8: Vittozzi seconda nella short individual di Idre"},"content":{"rendered":"<p>Ottima conferma per Lisa Vittozzi nella seconda giornata dei Campionati Svedesi a Idre.<\/p>\n<p>La sappadina, <a href=\"https:\/\/www.fisifvg.org\/2021\/11\/13\/lisa-vittozzi-terza-nella-sprint-di-idre\/\">ieri terza nella sprint<\/a>, oggi si \u00e8 piazzart seconda nelle 12.5 km short individual grazie in particolare ad un pi\u00f9 che confortante 19 su 20 al tiro (l&#8217;errore \u00e8 arrivato nella seconda serie a terra).<\/p>\n<p>Solo Elvia Oeberg, vincitrice ieri e apparsa gi\u00e0 in grandissima forma, ha fatto meglio di Lisa, piazzando un pieno al poligono e chiudendo con un vantaggio di 1&#8217;50&#8243;9. Terza a 2&#8217;14&#8221; la maggiore delle sorelle svedesi Oeberg, Hanna (2). Settima a 3&#8217;34&#8221; Dorothea Wierer (3).<\/p>\n<p>Insomma, per la nostra campionessa un approccio stagionale decisamente promettente.<\/p>\n<p>Nella prova maschile 41\u00b0 posto con tre errori per Daniele Cappellari nella gara vinta da Ponsiluoma, con Tommaso Giacomel (ieri secondo) sesto con tre errori.<\/p>\n<p><a href=\"http:\/\/live.skidor.com\/1699#result@12595@1@999\">CLASSIFICA FEMMINILE<\/a><br \/>\n<a href=\"http:\/\/live.skidor.com\/1699#result@12594@1@999\">CLASSIFICA MASCHILE<\/a><\/p>\n","protected":false},"excerpt":{"rendered":"<p>Dopo il terzo posto della sprint, la sappadina sul podio anche nella short individual<\/p>\n","protected":false},"author":4,"featured_media":75911,"comment_status":"closed","ping_status":"closed","sticky":false,"template":"","format":"standard","meta":{"_acf_changed":false,"footnotes":""},"categories":[13,10],"tags":[],"acf":[],"_links":{"self":[{"href":"https:\/\/comitati.fisi.org\/friuli-venezia-giulia\/wp-json\/wp\/v2\/posts\/81819"}],"collection":[{"href":"https:\/\/comitati.fisi.org\/friuli-venezia-giulia\/wp-json\/wp\/v2\/posts"}],"about":[{"href":"https:\/\/comitati.fisi.org\/friuli-venezia-giulia\/wp-json\/wp\/v2\/types\/post"}],"author":[{"embeddable":true,"href":"https:\/\/comitati.fisi.org\/friuli-venezia-giulia\/wp-json\/wp\/v2\/users\/4"}],"replies":[{"embeddable":true,"href":"https:\/\/comitati.fisi.org\/friuli-venezia-giulia\/wp-json\/wp\/v2\/comments?post=81819"}],"version-history":[{"count":0,"href":"https:\/\/comitati.fisi.org\/friuli-venezia-giulia\/wp-json\/wp\/v2\/posts\/81819\/revisions"}],"wp:featuredmedia":[{"embeddable":true,"href":"https:\/\/comitati.fisi.org\/friuli-venezia-giulia\/wp-json\/wp\/v2\/media\/75911"}],"wp:attachment":[{"href":"https:\/\/comitati.fisi.org\/friuli-venezia-giulia\/wp-json\/wp\/v2\/media?parent=81819"}],"wp:term":[{"taxonomy":"category","embeddable":true,"href":"https:\/\/comitati.fisi.org\/friuli-venezia-giulia\/wp-json\/wp\/v2\/categories?post=81819"},{"taxonomy":"post_tag","embeddable":true,"href":"https:\/\/comitati.fisi.org\/friuli-venezia-giulia\/wp-json\/wp\/v2\/tags?post=81819"}],"curies":[{"name":"wp","href":"https:\/\/api.w.org\/{rel}","templated":true}]}}