{"id":81791,"date":"2021-11-13T11:40:34","date_gmt":"2021-11-13T10:40:34","guid":{"rendered":"https:\/\/www.fisifvg.org\/?p=81791"},"modified":"2021-11-13T11:40:34","modified_gmt":"2021-11-13T10:40:34","slug":"che-bellesordio-stagionale-sulla-neve-per-martina-zanitzer","status":"publish","type":"post","link":"https:\/\/comitati.fisi.org\/friuli-venezia-giulia\/blog\/2021\/11\/13\/che-bellesordio-stagionale-sulla-neve-per-martina-zanitzer\/","title":{"rendered":"Che bell&#8217;esordio stagionale sulla neve per Martina Zanitzer"},"content":{"rendered":"<p>Esordio stagionale sulla neve decisamente positivo per Martina Zanitzer, impegnata oggi sull&#8217;HS 100 di Falun (Svezia) nella FIS Cup di salto.<\/p>\n<p>L&#8217;azzurra dello Sci CAI Monte Lussari si \u00e8 piazzata undicesima (79.5+79 metri) nella gara vinta dalla forte russa Avvakumova (89.5+94), risultando la terza delle italiane alle spalle delle sorelle Lara (8a) e Jessica Malsiner (decima).<\/p>\n<p>La bont\u00e0 del risultato di Martina \u00e8 dimostrata da alcune considerazioni: ha 16 anni e davanti a lei si sono piazzate solo atlete maggiorenni, tutte gi\u00e0 al via di Olimpiadi, Mondiali e\/o Coppa del Mondo. Brava davvero la tarvisiana!<\/p>\n<p>Presenti anche altre tre esponenti della squadra regionale: 20. Camilla Comazzi del Bachmann, 21a Noelia Vuerich del Lussari, 22a Asia Marcato del Bachmann.<\/p>\n<p>Successivamente si \u00e8 svolta la prova maschile, con il bachmaniano Francesco Cecon (87.5+89) che si \u00e8 piazzato 19\u00b0, recuperando sette posizioni nel secondo salto, con gli altri azzurri Giovanni Bresadola e Alex Insam immediatamente davanti a lui. In gara anche il compagno di squadra Andrea Campregher, che con 79.5 metri non ha ottenuto l&#8217;accesso al secondo salto, piazzandosi 39\u00b0.<br \/>\nVittoria dell&#8217;austriaco Peter Resinger con due salti da 95 e 92.5 metri.<\/p>\n<p>Domani si replica<\/p>\n<p><a href=\"http:\/\/comitati.fisi.org\/friuli-venezia-giulia\/wp-content\/uploads\/sites\/34\/2021\/11\/CLASSIFICA-FIS-CUP-FEMMINILE.pdf\">CLASSIFICA FIS CUP FEMMINILE<\/a><br \/>\n<a href=\"http:\/\/comitati.fisi.org\/friuli-venezia-giulia\/wp-content\/uploads\/sites\/34\/2021\/11\/CLASSIFICA-FIS-CUP-MASCHILE.pdf\">CLASSIFICA FIS CUP MASCHILE<\/a><\/p>\n","protected":false},"excerpt":{"rendered":"<p>La lussarina undicesima nella FIS Cup di Falun in Svezia. Francesco Cecon 19\u00b0 nella prova maschile<\/p>\n","protected":false},"author":4,"featured_media":76672,"comment_status":"closed","ping_status":"closed","sticky":false,"template":"","format":"standard","meta":{"_acf_changed":false,"footnotes":""},"categories":[10,12],"tags":[],"acf":[],"_links":{"self":[{"href":"https:\/\/comitati.fisi.org\/friuli-venezia-giulia\/wp-json\/wp\/v2\/posts\/81791"}],"collection":[{"href":"https:\/\/comitati.fisi.org\/friuli-venezia-giulia\/wp-json\/wp\/v2\/posts"}],"about":[{"href":"https:\/\/comitati.fisi.org\/friuli-venezia-giulia\/wp-json\/wp\/v2\/types\/post"}],"author":[{"embeddable":true,"href":"https:\/\/comitati.fisi.org\/friuli-venezia-giulia\/wp-json\/wp\/v2\/users\/4"}],"replies":[{"embeddable":true,"href":"https:\/\/comitati.fisi.org\/friuli-venezia-giulia\/wp-json\/wp\/v2\/comments?post=81791"}],"version-history":[{"count":0,"href":"https:\/\/comitati.fisi.org\/friuli-venezia-giulia\/wp-json\/wp\/v2\/posts\/81791\/revisions"}],"wp:featuredmedia":[{"embeddable":true,"href":"https:\/\/comitati.fisi.org\/friuli-venezia-giulia\/wp-json\/wp\/v2\/media\/76672"}],"wp:attachment":[{"href":"https:\/\/comitati.fisi.org\/friuli-venezia-giulia\/wp-json\/wp\/v2\/media?parent=81791"}],"wp:term":[{"taxonomy":"category","embeddable":true,"href":"https:\/\/comitati.fisi.org\/friuli-venezia-giulia\/wp-json\/wp\/v2\/categories?post=81791"},{"taxonomy":"post_tag","embeddable":true,"href":"https:\/\/comitati.fisi.org\/friuli-venezia-giulia\/wp-json\/wp\/v2\/tags?post=81791"}],"curies":[{"name":"wp","href":"https:\/\/api.w.org\/{rel}","templated":true}]}}