{"id":81736,"date":"2021-11-10T14:49:09","date_gmt":"2021-11-10T13:49:09","guid":{"rendered":"https:\/\/www.fisifvg.org\/?p=81736"},"modified":"2021-11-10T14:49:09","modified_gmt":"2021-11-10T13:49:09","slug":"sport-invernali-in-primo-piano-nellincontro-bini-gava-vezzali-a-roma","status":"publish","type":"post","link":"https:\/\/comitati.fisi.org\/friuli-venezia-giulia\/blog\/2021\/11\/10\/sport-invernali-in-primo-piano-nellincontro-bini-gava-vezzali-a-roma\/","title":{"rendered":"Sport invernali in primo piano nell&#8217;incontro Bini-Gava-Vezzali a Roma"},"content":{"rendered":"<p><em><strong>Proponiamo il comunicato dell&#8217;Ufficio Stampa della Regione Friuli Venezia Giulia.<\/strong><\/em><\/p>\n<p>Turismo e sport sono due settori complementari che possono consentire di valorizzare il territorio, le realt\u00e0 che lo compongono e le attivit\u00e0 economiche per le importanti ricadute che portano con s\u00e9. In quest&#8217;ottica l&#8217;<strong>assessore regionale alle Attivit\u00e0 produttive e al turismo, Sergio Emidio Bini,<\/strong> si \u00e8 incontrato a Roma con i<strong> sottosegretari alla Transizione ecologica, Vannia Gava, e allo Sport, Valentina Vezzali,<\/strong> per fare il punto sulle opportunit\u00e0 di consolidamento e implementazione degli eventi con ricaduta turistica e sulle conseguenze positive che quest&#8217;azione pu\u00f2 avere sull&#8217;andamento del turismo nel Friuli Venezia Giulia.<\/p>\n<p>Un primo focus \u00e8 stato fatto nella riunione tenutasi al ministero della Transizione ecologica con il sottosegretario Gava; ha riguardato le opportunit\u00e0 messe a disposizione del Governo alle imprese turistiche sull&#8217;adeguamento delle strutture, ma anche i parametri di sostenibilit\u00e0 energetica.<br \/>\nTali interventi saranno resi possibili dalle risorse messe in campo dal Pnrr, ma anche dalla Regione, lungo un percorso che mira a rendere complementari le provvidenze disposte dallo Stato e quelle messe a disposizione dall&#8217;Amministrazione regionale. Gava ha ricordato che nelle disposizioni urgenti emanate lo scorso 6 novembre con Decreto del Presidente della Repubblica per l&#8217;attuazione del Pnrr sono contenute misure mirate per favorire la ripresa del settore turistico tramite il riconoscimento di benefici a titolo di credito di imposta fino a 200 mila euro alle imprese turistiche che effettueranno interventi di miglioramento delle strutture.<br \/>\nBini ha cos\u00ec potuto evidenziare che la Regione ha previsto a sua volta interventi che vanno a integrare le misure messe in atto dallo Stato. La Regione lo ha fatto consentendo lo scorrimento della graduatoria 2019 del Fondo turismo e mettendo a disposizione ulteriori 14 milioni di euro per aprire un nuovo bando entro la fine dell&#8217;anno.<br \/>\nSi tratta di investimenti, ha specificato l&#8217;assessore, che sono destinati a favorire la sostenibilit\u00e0 delle strutture ricettive, ma nel contempo a migliorare ulteriormente la qualit\u00e0 delle stesse e dei servizi, a beneficio dei numerosi turisti che hanno confermato il loro interesse per le molteplici attrattive del Friuli Venezia Giulia.<\/p>\n<p>Bini, assieme a Gava, si \u00e8 poi incontrato con il sottosegretario allo Sport, Valentina Vezzali.<br \/>\nNel corso del colloquio, proficuo e costruttivo, Bini ha ribadito che il Friuli Venezia Giulia conferma la propria disponibilit\u00e0 a <strong>ospitare grandi eventi sportivi, elemento trainante del flusso turistico<\/strong> come lo sono state le tappe del Giro d&#8217;Italia, del Giro Rosa, le <strong>numerose manifestazioni relative agli sport invernali.<\/strong><br \/>\nL&#8217;incontro, \u00e8 stato anche l&#8217;occasione per parlare di <strong>Eyof 2023, il Festival olimpico della giovent\u00f9 europea, edizione invernale, <\/strong>che si prospetta quale evento di grande richiamo e <strong>consentir\u00e0 di far conoscere ulteriormente le attrattive del Friuli Venezia Giulia.<\/strong><br \/>\nA tale proposito, la Regione sta facendo la sua parte per <strong>aumentare la competitivit\u00e0 dei propri poli sciistici:<\/strong> non a caso, come ha specificato Bini, nel corso del mandato <strong>sono stati stanziati 60 milioni di euro per investimenti mirati<\/strong> ed \u00e8 proprio per questo che in prospettiva la collaborazione con il Dipartimento dello sport si pu\u00f2 <strong>ulteriormente rafforzare attraverso la disponibilit\u00e0 a ospitare anche ulteriori eventi sportivi internazionali,<\/strong> con le importanti ricadute turistiche che essi portano con s\u00e9.<\/p>\n<p><em><strong>(nella foto, da sinistra, Gava, Vezzali e Bini)<\/strong><\/em><\/p>\n<p>&nbsp;<\/p>\n","protected":false},"excerpt":{"rendered":"<p>Proponiamo il comunicato dell&#8217;Ufficio Stampa della Regione Friuli Venezia Giulia<\/p>\n","protected":false},"author":4,"featured_media":81737,"comment_status":"closed","ping_status":"closed","sticky":false,"template":"","format":"standard","meta":{"_acf_changed":false,"footnotes":""},"categories":[24,10],"tags":[],"acf":[],"_links":{"self":[{"href":"https:\/\/comitati.fisi.org\/friuli-venezia-giulia\/wp-json\/wp\/v2\/posts\/81736"}],"collection":[{"href":"https:\/\/comitati.fisi.org\/friuli-venezia-giulia\/wp-json\/wp\/v2\/posts"}],"about":[{"href":"https:\/\/comitati.fisi.org\/friuli-venezia-giulia\/wp-json\/wp\/v2\/types\/post"}],"author":[{"embeddable":true,"href":"https:\/\/comitati.fisi.org\/friuli-venezia-giulia\/wp-json\/wp\/v2\/users\/4"}],"replies":[{"embeddable":true,"href":"https:\/\/comitati.fisi.org\/friuli-venezia-giulia\/wp-json\/wp\/v2\/comments?post=81736"}],"version-history":[{"count":0,"href":"https:\/\/comitati.fisi.org\/friuli-venezia-giulia\/wp-json\/wp\/v2\/posts\/81736\/revisions"}],"wp:featuredmedia":[{"embeddable":true,"href":"https:\/\/comitati.fisi.org\/friuli-venezia-giulia\/wp-json\/wp\/v2\/media\/81737"}],"wp:attachment":[{"href":"https:\/\/comitati.fisi.org\/friuli-venezia-giulia\/wp-json\/wp\/v2\/media?parent=81736"}],"wp:term":[{"taxonomy":"category","embeddable":true,"href":"https:\/\/comitati.fisi.org\/friuli-venezia-giulia\/wp-json\/wp\/v2\/categories?post=81736"},{"taxonomy":"post_tag","embeddable":true,"href":"https:\/\/comitati.fisi.org\/friuli-venezia-giulia\/wp-json\/wp\/v2\/tags?post=81736"}],"curies":[{"name":"wp","href":"https:\/\/api.w.org\/{rel}","templated":true}]}}